{"id":8111,"date":"2024-06-10T14:01:15","date_gmt":"2024-06-10T19:01:15","guid":{"rendered":"https:\/\/www.radiointeractivo.com.mx\/?p=8111"},"modified":"2024-06-10T14:01:16","modified_gmt":"2024-06-10T19:01:16","slug":"exhorta-comapa-a-seguir-recomendaciones-por-semaforo-rojo","status":"publish","type":"post","link":"https:\/\/www.radiointeractivo.com.mx\/?p=8111","title":{"rendered":"EXHORTA COMAPA A SEGUIR RECOMENDACIONES POR SEM\u00c1FORO ROJO"},"content":{"rendered":"\n<figure class=\"wp-block-image size-large\"><img loading=\"lazy\" decoding=\"async\" width=\"1024\" height=\"684\" src=\"https:\/\/www.radiointeractivo.com.mx\/wp-content\/uploads\/2024\/06\/WhatsApp-Image-2024-06-10-at-11.56.14-AM-1024x684.jpeg\" alt=\"\" class=\"wp-image-8112\" srcset=\"https:\/\/www.radiointeractivo.com.mx\/wp-content\/uploads\/2024\/06\/WhatsApp-Image-2024-06-10-at-11.56.14-AM-1024x684.jpeg 1024w, https:\/\/www.radiointeractivo.com.mx\/wp-content\/uploads\/2024\/06\/WhatsApp-Image-2024-06-10-at-11.56.14-AM-300x200.jpeg 300w, https:\/\/www.radiointeractivo.com.mx\/wp-content\/uploads\/2024\/06\/WhatsApp-Image-2024-06-10-at-11.56.14-AM-768x513.jpeg 768w, https:\/\/www.radiointeractivo.com.mx\/wp-content\/uploads\/2024\/06\/WhatsApp-Image-2024-06-10-at-11.56.14-AM-1536x1026.jpeg 1536w, https:\/\/www.radiointeractivo.com.mx\/wp-content\/uploads\/2024\/06\/WhatsApp-Image-2024-06-10-at-11.56.14-AM.jpeg 1600w\" sizes=\"auto, (max-width: 1024px) 100vw, 1024px\" \/><\/figure>\n\n\n\n<p>Por: Staff | #NuevoLaredo #Laredo #NLD #Tamaulipas<\/p>\n\n\n\n<p>Luego de que Nuevo Laredo fuera determinado como \u201cestatus rojo\u201d durante la D\u00e9cima Tercera Reuni\u00f3n Ordinaria del Comit\u00e9 de Seguimiento y Evaluaci\u00f3n del Sem\u00e1foro del Cuidado del Agua, la Comisi\u00f3n Municipal de Agua Potable y Alcantarillado (COMAPA) ha reforzado las recomendaciones a la ciudadan\u00eda para cuidar el vital l\u00edquido.<\/p>\n\n\n\n<p>Entre las principales recomendaciones est\u00e1n: que el agua utilizada en actividades diarias como el lavado de verduras, lavadora y minisplit, pueda ser reutilizada para descargas del sanitario, lavado de patio y de la casa.<\/p>\n\n\n\n<p>Tambi\u00e9n se recomienda utilizar la lavadora con cargas completas y solo una vez a la semana.<\/p>\n\n\n\n<p>\u201cNos esforzamos diariamente para hacerles llegar la informaci\u00f3n a todos los usuarios para que cuiden el agua, hagan uso racional y consciente de este recurso, cumpliendo como ciudadanos responsables\u201d, dijo la gerente general de COMAPA, Silvia Fern\u00e1ndez Gallardo Boone.<\/p>\n\n\n\n<p>Destac\u00f3 la importancia de cada peque\u00f1a acci\u00f3n que se realice en favor del cuidado del agua, pues se reflejar\u00e1 en el consumo diario de las familias.<\/p>\n\n\n\n<p>La funcionaria coment\u00f3 sobre la falta de conciencia que existe en el uso y desperdicio del agua que bien se pudiera reutilizar en otras actividades.<\/p>\n\n\n\n<p>\u201cHacemos un gran llamado a la ciudadan\u00eda a abrir los ojos y caer en cuenta de la importancia de accionar hoy, para no sufrir las consecuencias el d\u00eda de ma\u00f1ana\u201d, dijo la gerente de COMAPA.<\/p>\n\n\n\n<p>Advirti\u00f3 que de no aplicar medidas para el cuidado del vital l\u00edquido, podr\u00eda darse el caso del tandeo o llegar hasta la falta total del servicio tal y como ha sucedido en otras ciudades.<\/p>\n\n\n\n<p>Por \u00faltimo, invit\u00f3 a seguir las redes sociales de COMAPA, donde se brinda informaci\u00f3n, consejos, avisos y se muestra el trabajo diario del organismo.<\/p>\n","protected":false},"excerpt":{"rendered":"<p>Por: Staff | #NuevoLaredo #Laredo #NLD #Tamaulipas Luego de que Nuevo Laredo fuera determinado como \u201cestatus rojo\u201d durante la D\u00e9cima Tercera Reuni\u00f3n Ordinaria del Comit\u00e9 de Seguimiento y Evaluaci\u00f3n del Sem\u00e1foro del Cuidado del Agua, la Comisi\u00f3n Municipal de Agua Potable y Alcantarillado (COMAPA) ha reforzado las recomendaciones a la ciudadan\u00eda para cuidar el vital &hellip;<\/p>\n","protected":false},"author":1,"featured_media":8112,"comment_status":"open","ping_status":"open","sticky":false,"template":"","format":"standard","meta":{"footnotes":""},"categories":[38],"tags":[],"class_list":["post-8111","post","type-post","status-publish","format-standard","has-post-thumbnail","","category-nuevo-laredo"],"_links":{"self":[{"href":"https:\/\/www.radiointeractivo.com.mx\/index.php?rest_route=\/wp\/v2\/posts\/8111","targetHints":{"allow":["GET"]}}],"collection":[{"href":"https:\/\/www.radiointeractivo.com.mx\/index.php?rest_route=\/wp\/v2\/posts"}],"about":[{"href":"https:\/\/www.radiointeractivo.com.mx\/index.php?rest_route=\/wp\/v2\/types\/post"}],"author":[{"embeddable":true,"href":"https:\/\/www.radiointeractivo.com.mx\/index.php?rest_route=\/wp\/v2\/users\/1"}],"replies":[{"embeddable":true,"href":"https:\/\/www.radiointeractivo.com.mx\/index.php?rest_route=%2Fwp%2Fv2%2Fcomments&post=8111"}],"version-history":[{"count":1,"href":"https:\/\/www.radiointeractivo.com.mx\/index.php?rest_route=\/wp\/v2\/posts\/8111\/revisions"}],"predecessor-version":[{"id":8113,"href":"https:\/\/www.radiointeractivo.com.mx\/index.php?rest_route=\/wp\/v2\/posts\/8111\/revisions\/8113"}],"wp:featuredmedia":[{"embeddable":true,"href":"https:\/\/www.radiointeractivo.com.mx\/index.php?rest_route=\/wp\/v2\/media\/8112"}],"wp:attachment":[{"href":"https:\/\/www.radiointeractivo.com.mx\/index.php?rest_route=%2Fwp%2Fv2%2Fmedia&parent=8111"}],"wp:term":[{"taxonomy":"category","embeddable":true,"href":"https:\/\/www.radiointeractivo.com.mx\/index.php?rest_route=%2Fwp%2Fv2%2Fcategories&post=8111"},{"taxonomy":"post_tag","embeddable":true,"href":"https:\/\/www.radiointeractivo.com.mx\/index.php?rest_route=%2Fwp%2Fv2%2Ftags&post=8111"}],"curies":[{"name":"wp","href":"https:\/\/api.w.org\/{rel}","templated":true}]}}