{"id":8018,"date":"2024-06-06T14:59:17","date_gmt":"2024-06-06T19:59:17","guid":{"rendered":"https:\/\/www.radiointeractivo.com.mx\/?p=8018"},"modified":"2024-06-06T14:59:18","modified_gmt":"2024-06-06T19:59:18","slug":"confirmado-carmen-lilia-canturosas-anuncia-a-pesado-y-los-recoditos-para-gran-concierto-del-176-aniversario-de-la-ciudad","status":"publish","type":"post","link":"https:\/\/www.radiointeractivo.com.mx\/?p=8018","title":{"rendered":"\u00a1CONFIRMADO! CARMEN LILIA CANTUROSAS ANUNCIA A PESADO Y LOS RECODITOS PARA GRAN CONCIERTO DEL 176 ANIVERSARIO DE LA CIUDAD"},"content":{"rendered":"\n<figure class=\"wp-block-image size-large\"><img loading=\"lazy\" decoding=\"async\" width=\"1024\" height=\"686\" src=\"https:\/\/www.radiointeractivo.com.mx\/wp-content\/uploads\/2024\/06\/WhatsApp-Image-2024-06-06-at-2.31.47-PM-1024x686.jpeg\" alt=\"\" class=\"wp-image-8019\" srcset=\"https:\/\/www.radiointeractivo.com.mx\/wp-content\/uploads\/2024\/06\/WhatsApp-Image-2024-06-06-at-2.31.47-PM-1024x686.jpeg 1024w, https:\/\/www.radiointeractivo.com.mx\/wp-content\/uploads\/2024\/06\/WhatsApp-Image-2024-06-06-at-2.31.47-PM-300x201.jpeg 300w, https:\/\/www.radiointeractivo.com.mx\/wp-content\/uploads\/2024\/06\/WhatsApp-Image-2024-06-06-at-2.31.47-PM-768x515.jpeg 768w, https:\/\/www.radiointeractivo.com.mx\/wp-content\/uploads\/2024\/06\/WhatsApp-Image-2024-06-06-at-2.31.47-PM-110x75.jpeg 110w, https:\/\/www.radiointeractivo.com.mx\/wp-content\/uploads\/2024\/06\/WhatsApp-Image-2024-06-06-at-2.31.47-PM.jpeg 1280w\" sizes=\"auto, (max-width: 1024px) 100vw, 1024px\" \/><\/figure>\n\n\n\n<p>Por: Staff | #NuevoLaredo #Laredo #NLD #Tamaulipas<\/p>\n\n\n\n<p>Como marca la tradici\u00f3n, este s\u00e1bado 15 de junio se celebrar\u00e1 el 176 aniversario de la fundaci\u00f3n de Nuevo Laredo con un gran concierto en el monumento a Benito Ju\u00e1rez, que ser\u00e1 amenizado por el grupo Pesado y la Banda Los Recoditos.<\/p>\n\n\n\n<p>La presidenta municipal, Carmen Lilia Canturosas Villarreal, anunci\u00f3 a trav\u00e9s de sus redes sociales, que todo est\u00e1 listo para celebrar en familia un aniversario m\u00e1s de la ciudad a ritmo de m\u00fasica norte\u00f1a y de banda.<\/p>\n\n\n\n<p>\u201cVamos a celebrar el orgullo de ser neolaredenses y de pertenecer a esta tierra de oportunidades, lleg\u00f3 el momento de festejar en familia, de cantar y bailar a ritmo de Pesado y Los Recoditos\u201d, manifest\u00f3.<\/p>\n\n\n\n<p>Record\u00f3, que adem\u00e1s del gran concierto se llevar\u00e1 a cabo la tradicional Campechaneada en la que los asistentes podr\u00e1n disfrutar de la gastronom\u00eda local, concursos, un stand de I Love NLD, m\u00fasica en vivo y muchas sorpresas m\u00e1s.<\/p>\n\n\n\n<p>La cita es este s\u00e1bado 15 de junio a partir de las 8:00 de la noche en la rotonda del monumento a Benito Ju\u00e1rez ubicado en la intersecci\u00f3n de la avenida Reforma y Campeche.<\/p>\n\n\n\n<p>\u201cToda la ciudadan\u00eda est\u00e1 invitada a esta gran fiesta, los esperamos para juntos festejar los 176 a\u00f1os de nuestro querido Nuevo Laredo, ser\u00e1 un gran convivio familiar, los esperamos\u201d, expres\u00f3.<\/p>\n\n\n\n<p>La alcaldesa tambi\u00e9n dio a conocer que como parte de los festejos de la ciudad, se llevar\u00e1 a cabo el Juego de Aniversario entre los Tecos de los Dos Laredos y los Sultanes de Monterrey, en el legendario Parque La Junta.<\/p>\n\n\n\n<p>El duelo ser\u00e1 el 30 de junio a las 7:00 de la tarde, se entregar\u00e1n mil playeras conmemorativas a las primeras personas que lleguen y al finalizar el encuentro podr\u00e1n disfrutar de una verbena con gastronom\u00eda y m\u00fasica en vivo.<\/p>\n\n\n\n<p>La presidenta municipal invit\u00f3 a las familias a disfrutar de estos eventos que se prepararon para celebrar el orgullo de ser neolaredenses, y adem\u00e1s pidi\u00f3 est\u00e9n atentos a sus redes sociales para conocer otra actividades que se han preparado con motivo del 176 aniversario de Nuevo Laredo.<\/p>\n","protected":false},"excerpt":{"rendered":"<p>Por: Staff | #NuevoLaredo #Laredo #NLD #Tamaulipas Como marca la tradici\u00f3n, este s\u00e1bado 15 de junio se celebrar\u00e1 el 176 aniversario de la fundaci\u00f3n de Nuevo Laredo con un gran concierto en el monumento a Benito Ju\u00e1rez, que ser\u00e1 amenizado por el grupo Pesado y la Banda Los Recoditos. La presidenta municipal, Carmen Lilia Canturosas &hellip;<\/p>\n","protected":false},"author":1,"featured_media":8019,"comment_status":"open","ping_status":"open","sticky":false,"template":"","format":"standard","meta":{"footnotes":""},"categories":[38],"tags":[],"class_list":["post-8018","post","type-post","status-publish","format-standard","has-post-thumbnail","","category-nuevo-laredo"],"_links":{"self":[{"href":"https:\/\/www.radiointeractivo.com.mx\/index.php?rest_route=\/wp\/v2\/posts\/8018","targetHints":{"allow":["GET"]}}],"collection":[{"href":"https:\/\/www.radiointeractivo.com.mx\/index.php?rest_route=\/wp\/v2\/posts"}],"about":[{"href":"https:\/\/www.radiointeractivo.com.mx\/index.php?rest_route=\/wp\/v2\/types\/post"}],"author":[{"embeddable":true,"href":"https:\/\/www.radiointeractivo.com.mx\/index.php?rest_route=\/wp\/v2\/users\/1"}],"replies":[{"embeddable":true,"href":"https:\/\/www.radiointeractivo.com.mx\/index.php?rest_route=%2Fwp%2Fv2%2Fcomments&post=8018"}],"version-history":[{"count":1,"href":"https:\/\/www.radiointeractivo.com.mx\/index.php?rest_route=\/wp\/v2\/posts\/8018\/revisions"}],"predecessor-version":[{"id":8020,"href":"https:\/\/www.radiointeractivo.com.mx\/index.php?rest_route=\/wp\/v2\/posts\/8018\/revisions\/8020"}],"wp:featuredmedia":[{"embeddable":true,"href":"https:\/\/www.radiointeractivo.com.mx\/index.php?rest_route=\/wp\/v2\/media\/8019"}],"wp:attachment":[{"href":"https:\/\/www.radiointeractivo.com.mx\/index.php?rest_route=%2Fwp%2Fv2%2Fmedia&parent=8018"}],"wp:term":[{"taxonomy":"category","embeddable":true,"href":"https:\/\/www.radiointeractivo.com.mx\/index.php?rest_route=%2Fwp%2Fv2%2Fcategories&post=8018"},{"taxonomy":"post_tag","embeddable":true,"href":"https:\/\/www.radiointeractivo.com.mx\/index.php?rest_route=%2Fwp%2Fv2%2Ftags&post=8018"}],"curies":[{"name":"wp","href":"https:\/\/api.w.org\/{rel}","templated":true}]}}