{"id":7983,"date":"2024-06-05T19:03:03","date_gmt":"2024-06-06T00:03:03","guid":{"rendered":"https:\/\/www.radiointeractivo.com.mx\/?p=7983"},"modified":"2024-06-05T19:03:04","modified_gmt":"2024-06-06T00:03:04","slug":"convoca-gobierno-municipal-a-emprendedores-para-participar-en-bazar-une","status":"publish","type":"post","link":"https:\/\/www.radiointeractivo.com.mx\/?p=7983","title":{"rendered":"CONVOCA GOBIERNO MUNICIPAL A EMPRENDEDORES PARA PARTICIPAR EN BAZAR UNE"},"content":{"rendered":"\n<figure class=\"wp-block-image size-large\"><img loading=\"lazy\" decoding=\"async\" width=\"819\" height=\"1024\" src=\"https:\/\/www.radiointeractivo.com.mx\/wp-content\/uploads\/2024\/06\/WhatsApp-Image-2024-06-05-at-5.03.39-PM-819x1024.jpeg\" alt=\"\" class=\"wp-image-7984\" srcset=\"https:\/\/www.radiointeractivo.com.mx\/wp-content\/uploads\/2024\/06\/WhatsApp-Image-2024-06-05-at-5.03.39-PM-819x1024.jpeg 819w, https:\/\/www.radiointeractivo.com.mx\/wp-content\/uploads\/2024\/06\/WhatsApp-Image-2024-06-05-at-5.03.39-PM-240x300.jpeg 240w, https:\/\/www.radiointeractivo.com.mx\/wp-content\/uploads\/2024\/06\/WhatsApp-Image-2024-06-05-at-5.03.39-PM-768x960.jpeg 768w, https:\/\/www.radiointeractivo.com.mx\/wp-content\/uploads\/2024\/06\/WhatsApp-Image-2024-06-05-at-5.03.39-PM.jpeg 1080w\" sizes=\"auto, (max-width: 819px) 100vw, 819px\" \/><\/figure>\n\n\n\n<p>El pr\u00f3ximo s\u00e1bado 22 de junio, el Gobierno Municipal a trav\u00e9s de la Secretar\u00eda de Bienestar Social, llevar\u00e1 a cabo la edici\u00f3n 34 del bazar UNE en la Plaza Zaragoza.<\/p>\n\n\n\n<p>Por tal motivo, el Municipio invita a la ciudadan\u00eda de esta actividad familiar, as\u00ed como a los emprendedores a registrarse para que oferten sus productos y servicios.<\/p>\n\n\n\n<p>En cuanto a los negocios locales, su registro se llevar\u00e1 a cabo en las instalaciones de la Secretar\u00eda ubicadas dentro del edificio Anexo a Presidencia con un horario de lunes a viernes desde las 8:00 AM a 3:30 PM.<\/p>\n\n\n\n<p>La convocatoria para 150 expositores estar\u00e1 abierta del 5 al 7 de junio y como requisito, se pide que el ciudadano sea mayor de edad, presentar copia de credencial de elector y comprobante de domicilio, tambi\u00e9n firmar una carta compromiso y que el negocio tenga una red social activa.<\/p>\n\n\n\n<p>Durante el evento que iniciar\u00e1 a las 7:00 PM y terminar\u00e1 a las 11:00 PM, la ciudadan\u00eda podr\u00e1 disfrutar de la venta de alimentos, manualidades, ropa, joyer\u00eda, calzado, entre otros.<\/p>\n","protected":false},"excerpt":{"rendered":"<p>El pr\u00f3ximo s\u00e1bado 22 de junio, el Gobierno Municipal a trav\u00e9s de la Secretar\u00eda de Bienestar Social, llevar\u00e1 a cabo la edici\u00f3n 34 del bazar UNE en la Plaza Zaragoza. Por tal motivo, el Municipio invita a la ciudadan\u00eda de esta actividad familiar, as\u00ed como a los emprendedores a registrarse para que oferten sus productos &hellip;<\/p>\n","protected":false},"author":1,"featured_media":7984,"comment_status":"open","ping_status":"open","sticky":false,"template":"","format":"standard","meta":{"footnotes":""},"categories":[38],"tags":[],"class_list":["post-7983","post","type-post","status-publish","format-standard","has-post-thumbnail","","category-nuevo-laredo"],"_links":{"self":[{"href":"https:\/\/www.radiointeractivo.com.mx\/index.php?rest_route=\/wp\/v2\/posts\/7983","targetHints":{"allow":["GET"]}}],"collection":[{"href":"https:\/\/www.radiointeractivo.com.mx\/index.php?rest_route=\/wp\/v2\/posts"}],"about":[{"href":"https:\/\/www.radiointeractivo.com.mx\/index.php?rest_route=\/wp\/v2\/types\/post"}],"author":[{"embeddable":true,"href":"https:\/\/www.radiointeractivo.com.mx\/index.php?rest_route=\/wp\/v2\/users\/1"}],"replies":[{"embeddable":true,"href":"https:\/\/www.radiointeractivo.com.mx\/index.php?rest_route=%2Fwp%2Fv2%2Fcomments&post=7983"}],"version-history":[{"count":1,"href":"https:\/\/www.radiointeractivo.com.mx\/index.php?rest_route=\/wp\/v2\/posts\/7983\/revisions"}],"predecessor-version":[{"id":7985,"href":"https:\/\/www.radiointeractivo.com.mx\/index.php?rest_route=\/wp\/v2\/posts\/7983\/revisions\/7985"}],"wp:featuredmedia":[{"embeddable":true,"href":"https:\/\/www.radiointeractivo.com.mx\/index.php?rest_route=\/wp\/v2\/media\/7984"}],"wp:attachment":[{"href":"https:\/\/www.radiointeractivo.com.mx\/index.php?rest_route=%2Fwp%2Fv2%2Fmedia&parent=7983"}],"wp:term":[{"taxonomy":"category","embeddable":true,"href":"https:\/\/www.radiointeractivo.com.mx\/index.php?rest_route=%2Fwp%2Fv2%2Fcategories&post=7983"},{"taxonomy":"post_tag","embeddable":true,"href":"https:\/\/www.radiointeractivo.com.mx\/index.php?rest_route=%2Fwp%2Fv2%2Ftags&post=7983"}],"curies":[{"name":"wp","href":"https:\/\/api.w.org\/{rel}","templated":true}]}}