{"id":798,"date":"2023-09-01T19:08:12","date_gmt":"2023-09-01T19:08:12","guid":{"rendered":"https:\/\/www.radiointeractivo.com.mx\/?p=798"},"modified":"2023-09-01T19:08:13","modified_gmt":"2023-09-01T19:08:13","slug":"set-presente-en-la-seccion-30-del-snte-en-sesion-de-fideicomiso-de-apoyo-a-las-tecnologias","status":"publish","type":"post","link":"https:\/\/www.radiointeractivo.com.mx\/?p=798","title":{"rendered":"SET presente en la Secci\u00f3n 30 del SNTE, en sesi\u00f3n de fideicomiso de apoyo a las tecnolog\u00edas"},"content":{"rendered":"\n<p>Agosto 31 de 2023<\/p>\n\n\n\n<p>Ciudad Victoria, Tamaulipas.- En sesi\u00f3n celebrada en las oficinas de la Secci\u00f3n 30 del SNTE, el Fideicomiso de Apoyo a las Tecnolog\u00edas de la Informaci\u00f3n para el Personal al Servicio de la Educaci\u00f3n, presidido por el representante del CEN del SNTE, maestro Jorge Miguel Cota Katzenstein, en presencia de la secretaria de Educaci\u00f3n de Tamaulipas, Luc\u00eda Aim\u00e9 Castillo Pastor y Jos\u00e9 Guadalupe Acu\u00f1a, en representaci\u00f3n del l\u00edder seccional, acordaron agilizar los procesos administrativos para la adquisici\u00f3n de las computadoras, que se repartir\u00e1n a los maestros de las zonas vulnerables de la entidad.<\/p>\n\n\n\n<p>Lo anterior ocurri\u00f3 en una reuni\u00f3n celebrada este jueves, en la sede sindical, hasta donde acudi\u00f3 la titular de la SET, para cumplir los protocolos que indica el Fideicomiso y poder avanzar en los procesos, en donde resultar\u00e1n beneficiados maestros unitarios de preescolar y primaria, as\u00ed como los bidocentes de primaria y los maestros unitarios y bidocentes de telesecundaria.<\/p>\n\n\n\n<p>En la sesi\u00f3n del Fideicomiso, con la aprobaci\u00f3n de todos los integrantes, se acord\u00f3 promover las acciones administrativas correspondientes para cumplir los requisitos que concluyan con la adquisici\u00f3n de los equipos y se pueda proceder con su entrega a los beneficiarios, en el presente ciclo escolar, con una inversi\u00f3n superior a los 9 millones de pesos.<\/p>\n","protected":false},"excerpt":{"rendered":"<p>Agosto 31 de 2023 Ciudad Victoria, Tamaulipas.- En sesi\u00f3n celebrada en las oficinas de la Secci\u00f3n 30 del SNTE, el Fideicomiso de Apoyo a las Tecnolog\u00edas de la Informaci\u00f3n para el Personal al Servicio de la Educaci\u00f3n, presidido por el representante del CEN del SNTE, maestro Jorge Miguel Cota Katzenstein, en presencia de la secretaria &hellip;<\/p>\n","protected":false},"author":1,"featured_media":799,"comment_status":"open","ping_status":"open","sticky":false,"template":"","format":"standard","meta":{"footnotes":""},"categories":[39],"tags":[],"class_list":["post-798","post","type-post","status-publish","format-standard","has-post-thumbnail","","category-tamaulipas"],"_links":{"self":[{"href":"https:\/\/www.radiointeractivo.com.mx\/index.php?rest_route=\/wp\/v2\/posts\/798","targetHints":{"allow":["GET"]}}],"collection":[{"href":"https:\/\/www.radiointeractivo.com.mx\/index.php?rest_route=\/wp\/v2\/posts"}],"about":[{"href":"https:\/\/www.radiointeractivo.com.mx\/index.php?rest_route=\/wp\/v2\/types\/post"}],"author":[{"embeddable":true,"href":"https:\/\/www.radiointeractivo.com.mx\/index.php?rest_route=\/wp\/v2\/users\/1"}],"replies":[{"embeddable":true,"href":"https:\/\/www.radiointeractivo.com.mx\/index.php?rest_route=%2Fwp%2Fv2%2Fcomments&post=798"}],"version-history":[{"count":1,"href":"https:\/\/www.radiointeractivo.com.mx\/index.php?rest_route=\/wp\/v2\/posts\/798\/revisions"}],"predecessor-version":[{"id":800,"href":"https:\/\/www.radiointeractivo.com.mx\/index.php?rest_route=\/wp\/v2\/posts\/798\/revisions\/800"}],"wp:featuredmedia":[{"embeddable":true,"href":"https:\/\/www.radiointeractivo.com.mx\/index.php?rest_route=\/wp\/v2\/media\/799"}],"wp:attachment":[{"href":"https:\/\/www.radiointeractivo.com.mx\/index.php?rest_route=%2Fwp%2Fv2%2Fmedia&parent=798"}],"wp:term":[{"taxonomy":"category","embeddable":true,"href":"https:\/\/www.radiointeractivo.com.mx\/index.php?rest_route=%2Fwp%2Fv2%2Fcategories&post=798"},{"taxonomy":"post_tag","embeddable":true,"href":"https:\/\/www.radiointeractivo.com.mx\/index.php?rest_route=%2Fwp%2Fv2%2Ftags&post=798"}],"curies":[{"name":"wp","href":"https:\/\/api.w.org\/{rel}","templated":true}]}}