{"id":7941,"date":"2024-06-04T18:43:48","date_gmt":"2024-06-04T23:43:48","guid":{"rendered":"https:\/\/www.radiointeractivo.com.mx\/?p=7941"},"modified":"2024-06-04T18:43:49","modified_gmt":"2024-06-04T23:43:49","slug":"invitan-a-unirse-al-xxii-festival-internacional-de-la-costa-del-seno-mexicano","status":"publish","type":"post","link":"https:\/\/www.radiointeractivo.com.mx\/?p=7941","title":{"rendered":"Invitan a unirse al XXII Festival Internacional de la Costa del Seno Mexicano"},"content":{"rendered":"\n<figure class=\"wp-block-image size-large\"><img loading=\"lazy\" decoding=\"async\" width=\"1024\" height=\"682\" src=\"https:\/\/www.radiointeractivo.com.mx\/wp-content\/uploads\/2024\/06\/WhatsApp-Image-2024-06-04-at-1.58.22-PM-2-1024x682.jpeg\" alt=\"\" class=\"wp-image-7942\" srcset=\"https:\/\/www.radiointeractivo.com.mx\/wp-content\/uploads\/2024\/06\/WhatsApp-Image-2024-06-04-at-1.58.22-PM-2-1024x682.jpeg 1024w, https:\/\/www.radiointeractivo.com.mx\/wp-content\/uploads\/2024\/06\/WhatsApp-Image-2024-06-04-at-1.58.22-PM-2-300x200.jpeg 300w, https:\/\/www.radiointeractivo.com.mx\/wp-content\/uploads\/2024\/06\/WhatsApp-Image-2024-06-04-at-1.58.22-PM-2-768x512.jpeg 768w, https:\/\/www.radiointeractivo.com.mx\/wp-content\/uploads\/2024\/06\/WhatsApp-Image-2024-06-04-at-1.58.22-PM-2-1536x1023.jpeg 1536w, https:\/\/www.radiointeractivo.com.mx\/wp-content\/uploads\/2024\/06\/WhatsApp-Image-2024-06-04-at-1.58.22-PM-2-310x205.jpeg 310w, https:\/\/www.radiointeractivo.com.mx\/wp-content\/uploads\/2024\/06\/WhatsApp-Image-2024-06-04-at-1.58.22-PM-2.jpeg 1600w\" sizes=\"auto, (max-width: 1024px) 100vw, 1024px\" \/><\/figure>\n\n\n\n<p>Por: Agencias<\/p>\n\n\n\n<p>Ciudad Victoria, Tamaulipas .- El Gobierno del Estado de Tamaulipas, a trav\u00e9s del Instituto Tamaulipeco para la Cultura y las Artes (ITCA), invita a participar en la XXII edici\u00f3n del Festival Internacional de la Costa del Seno Mexicano (FICSM).<\/p>\n\n\n\n<p>Esta es una gran oportunidad para mostrar tu talento en m\u00fasica, danza, teatro o cualquier otra disciplina esc\u00e9nica, y ser parte de una de las fiestas culturales m\u00e1s importantes de Tamaulipas.<\/p>\n\n\n\n<p>El festival se llevar\u00e1 a cabo en diversas ciudades del estado durante el mes de octubre de 2024.<\/p>\n\n\n\n<p>Las propuestas art\u00edsticas se recibir\u00e1n hasta el 16 de agosto de 2024 a las 23:59 horas.<\/p>\n\n\n\n<p>Para conocer las bases y descargar la convocatoria completa, puedes visitar los siguientes enlaces;<\/p>\n\n\n\n<p>Convocatoria digital: https:\/\/www.tamaulipas.gob.mx\/cultura\/wp-content\/uploads\/sites\/27\/2024\/06\/ficsm_.pdf<\/p>\n\n\n\n<p>Formulario f\u00edsico: https:\/\/www.tamaulipas.gob.mx\/cultura\/wp-content\/uploads\/sites\/27\/2024\/06\/formulario.pdf<\/p>\n\n\n\n<p>Formulario en l\u00ednea: https:\/\/docs.google.com\/forms\/d\/e\/1FAIpQLSetyHdFVm1T_DPe9QW5jL8cVKBniItzSIRkzJyylwQQikGnvQ\/viewform<\/p>\n\n\n\n<p>Tambi\u00e9n pueden comunicarse al tel\u00e9fono (834) 315 2977 para obtener m\u00e1s informaci\u00f3n e invitan a no perderse la oportunidad de ser parte de la fiesta cultural m\u00e1s grande de Tamaulipas.<\/p>\n","protected":false},"excerpt":{"rendered":"<p>Por: Agencias Ciudad Victoria, Tamaulipas .- El Gobierno del Estado de Tamaulipas, a trav\u00e9s del Instituto Tamaulipeco para la Cultura y las Artes (ITCA), invita a participar en la XXII edici\u00f3n del Festival Internacional de la Costa del Seno Mexicano (FICSM). Esta es una gran oportunidad para mostrar tu talento en m\u00fasica, danza, teatro o &hellip;<\/p>\n","protected":false},"author":1,"featured_media":7942,"comment_status":"open","ping_status":"open","sticky":false,"template":"","format":"standard","meta":{"footnotes":""},"categories":[39],"tags":[],"class_list":["post-7941","post","type-post","status-publish","format-standard","has-post-thumbnail","","category-tamaulipas"],"_links":{"self":[{"href":"https:\/\/www.radiointeractivo.com.mx\/index.php?rest_route=\/wp\/v2\/posts\/7941","targetHints":{"allow":["GET"]}}],"collection":[{"href":"https:\/\/www.radiointeractivo.com.mx\/index.php?rest_route=\/wp\/v2\/posts"}],"about":[{"href":"https:\/\/www.radiointeractivo.com.mx\/index.php?rest_route=\/wp\/v2\/types\/post"}],"author":[{"embeddable":true,"href":"https:\/\/www.radiointeractivo.com.mx\/index.php?rest_route=\/wp\/v2\/users\/1"}],"replies":[{"embeddable":true,"href":"https:\/\/www.radiointeractivo.com.mx\/index.php?rest_route=%2Fwp%2Fv2%2Fcomments&post=7941"}],"version-history":[{"count":1,"href":"https:\/\/www.radiointeractivo.com.mx\/index.php?rest_route=\/wp\/v2\/posts\/7941\/revisions"}],"predecessor-version":[{"id":7943,"href":"https:\/\/www.radiointeractivo.com.mx\/index.php?rest_route=\/wp\/v2\/posts\/7941\/revisions\/7943"}],"wp:featuredmedia":[{"embeddable":true,"href":"https:\/\/www.radiointeractivo.com.mx\/index.php?rest_route=\/wp\/v2\/media\/7942"}],"wp:attachment":[{"href":"https:\/\/www.radiointeractivo.com.mx\/index.php?rest_route=%2Fwp%2Fv2%2Fmedia&parent=7941"}],"wp:term":[{"taxonomy":"category","embeddable":true,"href":"https:\/\/www.radiointeractivo.com.mx\/index.php?rest_route=%2Fwp%2Fv2%2Fcategories&post=7941"},{"taxonomy":"post_tag","embeddable":true,"href":"https:\/\/www.radiointeractivo.com.mx\/index.php?rest_route=%2Fwp%2Fv2%2Ftags&post=7941"}],"curies":[{"name":"wp","href":"https:\/\/api.w.org\/{rel}","templated":true}]}}