{"id":7935,"date":"2024-06-04T18:40:18","date_gmt":"2024-06-04T23:40:18","guid":{"rendered":"https:\/\/www.radiointeractivo.com.mx\/?p=7935"},"modified":"2024-06-04T18:40:19","modified_gmt":"2024-06-04T23:40:19","slug":"extensionistas-apoyaran-a-pequenos-productores-pecuarios","status":"publish","type":"post","link":"https:\/\/www.radiointeractivo.com.mx\/?p=7935","title":{"rendered":"Extensionistas apoyar\u00e1n a peque\u00f1os productores pecuarios"},"content":{"rendered":"\n<figure class=\"wp-block-image size-large\"><img loading=\"lazy\" decoding=\"async\" width=\"1024\" height=\"682\" src=\"https:\/\/www.radiointeractivo.com.mx\/wp-content\/uploads\/2024\/06\/WhatsApp-Image-2024-06-04-at-5.38.11-PM-1-1024x682.jpeg\" alt=\"\" class=\"wp-image-7936\" srcset=\"https:\/\/www.radiointeractivo.com.mx\/wp-content\/uploads\/2024\/06\/WhatsApp-Image-2024-06-04-at-5.38.11-PM-1-1024x682.jpeg 1024w, https:\/\/www.radiointeractivo.com.mx\/wp-content\/uploads\/2024\/06\/WhatsApp-Image-2024-06-04-at-5.38.11-PM-1-300x200.jpeg 300w, https:\/\/www.radiointeractivo.com.mx\/wp-content\/uploads\/2024\/06\/WhatsApp-Image-2024-06-04-at-5.38.11-PM-1-768x512.jpeg 768w, https:\/\/www.radiointeractivo.com.mx\/wp-content\/uploads\/2024\/06\/WhatsApp-Image-2024-06-04-at-5.38.11-PM-1-1536x1023.jpeg 1536w, https:\/\/www.radiointeractivo.com.mx\/wp-content\/uploads\/2024\/06\/WhatsApp-Image-2024-06-04-at-5.38.11-PM-1-310x205.jpeg 310w, https:\/\/www.radiointeractivo.com.mx\/wp-content\/uploads\/2024\/06\/WhatsApp-Image-2024-06-04-at-5.38.11-PM-1.jpeg 1600w\" sizes=\"auto, (max-width: 1024px) 100vw, 1024px\" \/><\/figure>\n\n\n\n<p>Por: Agencias<\/p>\n\n\n\n<p>Ciudad Victoria, Tamaulipas.- Con la finalidad de impulsar la productividad del sector rural en las zonas m\u00e1s vulnerables del estado, la Secretar\u00eda de Desarrollo Rural, Pesca y Acuacultura, a trav\u00e9s de la Subsecretar\u00eda de Fomento Pecuario y Forestal, llev\u00f3 a cabo la primera reuni\u00f3n de trabajo con 20 extensionistas que dar\u00e1n a conocer nuevos m\u00e9todos de producci\u00f3n, innovaci\u00f3n y tecnolog\u00eda a peque\u00f1os productores.<\/p>\n\n\n\n<p>Al encabezar la reuni\u00f3n de trabajo, Cuauht\u00e9moc Amaya Garc\u00eda, quien asisti\u00f3 en representaci\u00f3n del secretario Antonio Varela Flores, coment\u00f3 que cada extensionista trabajar\u00e1 con un promedio de 30 productores; la intenci\u00f3n es atender con asistencia t\u00e9cnica a m\u00e1s de 600 productores de todo el estado, de los municipios de Aldama, Bustamante, Gonz\u00e1lez, Llera, Miquihuana, Ocampo, Palmillas, Soto la Marina y Tula.<\/p>\n\n\n\n<p>Refiri\u00f3 que los grupos de extensionistas brindar\u00e1n asistencia t\u00e9cnica a productores de bovinos, ovinos, caprinos y apicultores de escasos recursos, proporcion\u00e1ndoles principalmente acompa\u00f1amiento t\u00e9cnico, adem\u00e1s de innovaci\u00f3n tecnol\u00f3gica y nuevos sistemas de producci\u00f3n, con el objetivo de incrementar la productividad y que esto se vea reflejado en el bolsillo de los productores.<\/p>\n\n\n\n<p>\u201cLa intenci\u00f3n del gobernador Am\u00e9rico Villarreal Anaya es apoyar las actividades de los productores pecuarios de Tamaulipas, siempre proporcionando apoyo t\u00e9cnico y asesoramiento, buscando mejorar la productividad y hacer del campo una actividad m\u00e1s rentable para quienes viven de esta noble labor\u201d, dijo Cuauht\u00e9moc Amaya Garc\u00eda, subsecretario de Fomento Pecuario y Forestal.<\/p>\n\n\n\n<p>El encuentro se llev\u00f3 a cabo en las instalaciones de la Facultad de Medicina Veterinaria y Zootecnia de la Universidad Aut\u00f3noma de Tamaulipas, donde se cont\u00f3 con la asistencia del director de Extensionismo Pecuario, Eduardo Maraboto Mart\u00ednez, as\u00ed como de los extensionistas.<\/p>\n","protected":false},"excerpt":{"rendered":"<p>Por: Agencias Ciudad Victoria, Tamaulipas.- Con la finalidad de impulsar la productividad del sector rural en las zonas m\u00e1s vulnerables del estado, la Secretar\u00eda de Desarrollo Rural, Pesca y Acuacultura, a trav\u00e9s de la Subsecretar\u00eda de Fomento Pecuario y Forestal, llev\u00f3 a cabo la primera reuni\u00f3n de trabajo con 20 extensionistas que dar\u00e1n a conocer &hellip;<\/p>\n","protected":false},"author":1,"featured_media":7936,"comment_status":"open","ping_status":"open","sticky":false,"template":"","format":"standard","meta":{"footnotes":""},"categories":[38],"tags":[],"class_list":["post-7935","post","type-post","status-publish","format-standard","has-post-thumbnail","","category-nuevo-laredo"],"_links":{"self":[{"href":"https:\/\/www.radiointeractivo.com.mx\/index.php?rest_route=\/wp\/v2\/posts\/7935","targetHints":{"allow":["GET"]}}],"collection":[{"href":"https:\/\/www.radiointeractivo.com.mx\/index.php?rest_route=\/wp\/v2\/posts"}],"about":[{"href":"https:\/\/www.radiointeractivo.com.mx\/index.php?rest_route=\/wp\/v2\/types\/post"}],"author":[{"embeddable":true,"href":"https:\/\/www.radiointeractivo.com.mx\/index.php?rest_route=\/wp\/v2\/users\/1"}],"replies":[{"embeddable":true,"href":"https:\/\/www.radiointeractivo.com.mx\/index.php?rest_route=%2Fwp%2Fv2%2Fcomments&post=7935"}],"version-history":[{"count":1,"href":"https:\/\/www.radiointeractivo.com.mx\/index.php?rest_route=\/wp\/v2\/posts\/7935\/revisions"}],"predecessor-version":[{"id":7937,"href":"https:\/\/www.radiointeractivo.com.mx\/index.php?rest_route=\/wp\/v2\/posts\/7935\/revisions\/7937"}],"wp:featuredmedia":[{"embeddable":true,"href":"https:\/\/www.radiointeractivo.com.mx\/index.php?rest_route=\/wp\/v2\/media\/7936"}],"wp:attachment":[{"href":"https:\/\/www.radiointeractivo.com.mx\/index.php?rest_route=%2Fwp%2Fv2%2Fmedia&parent=7935"}],"wp:term":[{"taxonomy":"category","embeddable":true,"href":"https:\/\/www.radiointeractivo.com.mx\/index.php?rest_route=%2Fwp%2Fv2%2Fcategories&post=7935"},{"taxonomy":"post_tag","embeddable":true,"href":"https:\/\/www.radiointeractivo.com.mx\/index.php?rest_route=%2Fwp%2Fv2%2Ftags&post=7935"}],"curies":[{"name":"wp","href":"https:\/\/api.w.org\/{rel}","templated":true}]}}