{"id":7822,"date":"2024-05-14T14:16:23","date_gmt":"2024-05-14T19:16:23","guid":{"rendered":"https:\/\/www.radiointeractivo.com.mx\/?p=7822"},"modified":"2024-05-14T14:16:24","modified_gmt":"2024-05-14T19:16:24","slug":"se-prepara-proteccion-civil-para-la-llegada-de-la-temporada-de-huracanes","status":"publish","type":"post","link":"https:\/\/www.radiointeractivo.com.mx\/?p=7822","title":{"rendered":"SE PREPARA PROTECCI\u00d3N CIVIL PARA LA LLEGADA DE LA TEMPORADA DE HURACANES"},"content":{"rendered":"\n<figure class=\"wp-block-image size-large\"><img loading=\"lazy\" decoding=\"async\" width=\"1024\" height=\"682\" src=\"https:\/\/www.radiointeractivo.com.mx\/wp-content\/uploads\/2024\/05\/WhatsApp-Image-2024-05-14-at-1.47.37-PM-1-1024x682.jpeg\" alt=\"\" class=\"wp-image-7823\" srcset=\"https:\/\/www.radiointeractivo.com.mx\/wp-content\/uploads\/2024\/05\/WhatsApp-Image-2024-05-14-at-1.47.37-PM-1-1024x682.jpeg 1024w, https:\/\/www.radiointeractivo.com.mx\/wp-content\/uploads\/2024\/05\/WhatsApp-Image-2024-05-14-at-1.47.37-PM-1-300x200.jpeg 300w, https:\/\/www.radiointeractivo.com.mx\/wp-content\/uploads\/2024\/05\/WhatsApp-Image-2024-05-14-at-1.47.37-PM-1-768x512.jpeg 768w, https:\/\/www.radiointeractivo.com.mx\/wp-content\/uploads\/2024\/05\/WhatsApp-Image-2024-05-14-at-1.47.37-PM-1-1536x1023.jpeg 1536w, https:\/\/www.radiointeractivo.com.mx\/wp-content\/uploads\/2024\/05\/WhatsApp-Image-2024-05-14-at-1.47.37-PM-1-310x205.jpeg 310w, https:\/\/www.radiointeractivo.com.mx\/wp-content\/uploads\/2024\/05\/WhatsApp-Image-2024-05-14-at-1.47.37-PM-1.jpeg 1600w\" sizes=\"auto, (max-width: 1024px) 100vw, 1024px\" \/><\/figure>\n\n\n\n<p>Por: Staff | #NuevoLaredo #Tamaulipas<\/p>\n\n\n\n<p>Nuevo Laredo, Tamaulipas.- Con la finalidad de estar preparados ante cualquier contingencia y&nbsp; hacer \u00e9nfasis en la cultura de la prevenci\u00f3n por la llegada de la temporada de huracanes, se realiz\u00f3 la primera sesi\u00f3n ordinaria del Consejo Municipal de Protecci\u00f3n Civil,&nbsp; en&nbsp; la que participaron&nbsp; representantes de los diversos organismos p\u00fablicos y de la sociedad civil.<\/p>\n\n\n\n<p>La temporada de huracanes inicia el 15 de mayo en el Oc\u00e9ano Pac\u00edfico, el 1 de junio en el Atl\u00e1ntico y terminan el 30 de noviembre.<\/p>\n\n\n\n<p>Para el Pac\u00edfico se pronostican de 15 a 18 fen\u00f3menos; en tanto que en el Atl\u00e1ntico, que son los que podr\u00edan afectar a Nuevo Laredo, un total de 23. Para el Oc\u00e9ano Atl\u00e1ntico se han pronosticado los siguientes fen\u00f3menos:<\/p>\n\n\n\n<p>Tormentas tropicales:&nbsp; de 11 a 12<\/p>\n\n\n\n<p>Huracanes categor\u00edas 1 y 2:&nbsp; de 5 a 6<\/p>\n\n\n\n<p>Huracanes 3 ,4 y 5:&nbsp; de 4 a 5<\/p>\n\n\n\n<p>Aunque no existe la seguridad de cuando un fen\u00f3meno natural vaya a afectar, Nuevo Laredo ha priorizado el tema de la prevenci\u00f3n por lo que los elementos de Protecci\u00f3n Civil, junto a las diversas dependencias locales, estatales, federales y de organismos privados, se encuentran debidamente preparados para enfrentar cualquier contingencia.<\/p>\n\n\n\n<p>El gobierno de Nuevo Laredo, ha realizado una importante inversi\u00f3n en los colectores que ser\u00e1n de gran ayuda para el desfogue de las lluvias torrenciales que acompa\u00f1an a estos fen\u00f3menos meteorol\u00f3gicos.<\/p>\n\n\n\n<p>Diversas dependencias est\u00e1n coordinadas para auxiliar en caso de azotar alg\u00fan fen\u00f3meno meteorol\u00f3gico, por ejemplo: La Secretar\u00eda de Servicios P\u00fablicos Primarios, apoyar\u00eda con personal para remover \u00e1rboles, basura y escombros, las dependencias de Salud para dar auxilio a quienes lo requieran.<\/p>\n\n\n\n<p>La Direcci\u00f3n de Tr\u00e1nsito y Vialidad para auxiliar en la agilizaci\u00f3n del tr\u00e1fico, migraci\u00f3n y Aduanas para el traslado de insumos que se requieran, la COMAPA para desazolve y garantizar el servicio de agua potable.<\/p>\n\n\n\n<p>Organismos privados como el sector maquilador apoyar\u00eda con recursos materiales en donde se requiera.<\/p>\n\n\n\n<p>Se hace \u00e9nfasis en que la ciudadan\u00eda debe estar atenta a los avisos de las autoridades por la llegada de cualquier fen\u00f3meno, adem\u00e1s de mantener limpia sus viviendas para evitar que la basura tapen las alcantarillas.<\/p>\n","protected":false},"excerpt":{"rendered":"<p>Por: Staff | #NuevoLaredo #Tamaulipas Nuevo Laredo, Tamaulipas.- Con la finalidad de estar preparados ante cualquier contingencia y&nbsp; hacer \u00e9nfasis en la cultura de la prevenci\u00f3n por la llegada de la temporada de huracanes, se realiz\u00f3 la primera sesi\u00f3n ordinaria del Consejo Municipal de Protecci\u00f3n Civil,&nbsp; en&nbsp; la que participaron&nbsp; representantes de los diversos organismos &hellip;<\/p>\n","protected":false},"author":1,"featured_media":7824,"comment_status":"open","ping_status":"open","sticky":false,"template":"","format":"standard","meta":{"footnotes":""},"categories":[38],"tags":[],"class_list":["post-7822","post","type-post","status-publish","format-standard","has-post-thumbnail","","category-nuevo-laredo"],"_links":{"self":[{"href":"https:\/\/www.radiointeractivo.com.mx\/index.php?rest_route=\/wp\/v2\/posts\/7822","targetHints":{"allow":["GET"]}}],"collection":[{"href":"https:\/\/www.radiointeractivo.com.mx\/index.php?rest_route=\/wp\/v2\/posts"}],"about":[{"href":"https:\/\/www.radiointeractivo.com.mx\/index.php?rest_route=\/wp\/v2\/types\/post"}],"author":[{"embeddable":true,"href":"https:\/\/www.radiointeractivo.com.mx\/index.php?rest_route=\/wp\/v2\/users\/1"}],"replies":[{"embeddable":true,"href":"https:\/\/www.radiointeractivo.com.mx\/index.php?rest_route=%2Fwp%2Fv2%2Fcomments&post=7822"}],"version-history":[{"count":1,"href":"https:\/\/www.radiointeractivo.com.mx\/index.php?rest_route=\/wp\/v2\/posts\/7822\/revisions"}],"predecessor-version":[{"id":7825,"href":"https:\/\/www.radiointeractivo.com.mx\/index.php?rest_route=\/wp\/v2\/posts\/7822\/revisions\/7825"}],"wp:featuredmedia":[{"embeddable":true,"href":"https:\/\/www.radiointeractivo.com.mx\/index.php?rest_route=\/wp\/v2\/media\/7824"}],"wp:attachment":[{"href":"https:\/\/www.radiointeractivo.com.mx\/index.php?rest_route=%2Fwp%2Fv2%2Fmedia&parent=7822"}],"wp:term":[{"taxonomy":"category","embeddable":true,"href":"https:\/\/www.radiointeractivo.com.mx\/index.php?rest_route=%2Fwp%2Fv2%2Fcategories&post=7822"},{"taxonomy":"post_tag","embeddable":true,"href":"https:\/\/www.radiointeractivo.com.mx\/index.php?rest_route=%2Fwp%2Fv2%2Ftags&post=7822"}],"curies":[{"name":"wp","href":"https:\/\/api.w.org\/{rel}","templated":true}]}}