{"id":7807,"date":"2024-05-09T16:02:57","date_gmt":"2024-05-09T21:02:57","guid":{"rendered":"https:\/\/www.radiointeractivo.com.mx\/?p=7807"},"modified":"2024-05-09T16:02:58","modified_gmt":"2024-05-09T21:02:58","slug":"continua-el-programa-escuela-y-salud-apoyando-a-la-ninez","status":"publish","type":"post","link":"https:\/\/www.radiointeractivo.com.mx\/?p=7807","title":{"rendered":"CONTIN\u00daA EL PROGRAMA \u201cESCUELA Y SALUD\u201d APOYANDO A LA NI\u00d1EZ"},"content":{"rendered":"\n<figure class=\"wp-block-image size-large\"><img loading=\"lazy\" decoding=\"async\" width=\"1024\" height=\"682\" src=\"https:\/\/www.radiointeractivo.com.mx\/wp-content\/uploads\/2024\/05\/WhatsApp-Image-2024-05-09-at-12.40.01-PM-1024x682.jpeg\" alt=\"\" class=\"wp-image-7808\" srcset=\"https:\/\/www.radiointeractivo.com.mx\/wp-content\/uploads\/2024\/05\/WhatsApp-Image-2024-05-09-at-12.40.01-PM-1024x682.jpeg 1024w, https:\/\/www.radiointeractivo.com.mx\/wp-content\/uploads\/2024\/05\/WhatsApp-Image-2024-05-09-at-12.40.01-PM-300x200.jpeg 300w, https:\/\/www.radiointeractivo.com.mx\/wp-content\/uploads\/2024\/05\/WhatsApp-Image-2024-05-09-at-12.40.01-PM-768x512.jpeg 768w, https:\/\/www.radiointeractivo.com.mx\/wp-content\/uploads\/2024\/05\/WhatsApp-Image-2024-05-09-at-12.40.01-PM-1536x1023.jpeg 1536w, https:\/\/www.radiointeractivo.com.mx\/wp-content\/uploads\/2024\/05\/WhatsApp-Image-2024-05-09-at-12.40.01-PM-310x205.jpeg 310w, https:\/\/www.radiointeractivo.com.mx\/wp-content\/uploads\/2024\/05\/WhatsApp-Image-2024-05-09-at-12.40.01-PM.jpeg 1600w\" sizes=\"auto, (max-width: 1024px) 100vw, 1024px\" \/><\/figure>\n\n\n\n<p>Por: Staff | #NuevoLaredo #Tamaulipas<\/p>\n\n\n\n<p>Nuevo Laredo, Tamaulipas.- Se realiz\u00f3 una jornada m\u00e1s del programa \u201cEscuela y Salud\u201d en la primaria Luis Donaldo Colosio de la colonia Voluntad y Trabajo 3.<\/p>\n\n\n\n<p>Se brind\u00f3 apoyo a 560 alumnos con atenciones dentales, asesor\u00edas psicol\u00f3gicas y chequeo de pediculosis (piojos), tambi\u00e9n se aplica fl\u00faor, una nutri\u00f3loga los revisa y diagnostica posibles problemas ya sea de bajo peso o sobrepeso adem\u00e1s de dar seguimiento en las oficinas de salud.<\/p>\n\n\n\n<p>Se considera grave el tema de la pediculosis, que antes solo se ve\u00eda en determinadas \u00e9pocas del a\u00f1o, sobre todo en el calor, pero a partir de la pandemia por el Covid 19, este se dispar\u00f3, se considera que entre el 5 y 10 por ciento de los ni\u00f1os enfrentan este problema de pediculosis en sus escuelas debido al accionar entre los ni\u00f1os y f\u00e1cilmente se contagian.<\/p>\n\n\n\n<p>El programa de pediculosis ha sido constante desde octubre de 2021 y no se detiene durante todo el a\u00f1o, sin importar el clima. En este programa se diagnostica al ni\u00f1o, un m\u00e9dico lo revisa y se les entrega el tratamiento necesario, en el caso de la pediculosis, un peine, shampoo, y una pastilla.<\/p>\n\n\n\n<p>Se les pide a los padres de familia estar atentos, revisar peri\u00f3dicamente la cabeza de sus hijos y en su caso, seguir el tratamiento en casa. El director del plantel Sa\u00fal Sol\u00eds Hern\u00e1ndez, se mostr\u00f3 satisfecho por esta jornada en apoyo a la salud de los ni\u00f1os y establece la costumbre de la prevenci\u00f3n.<\/p>\n\n\n\n<p>Participan en esta jornada alrededor de 16 personas entre enfermeras, m\u00e9dicos, dentistas, psic\u00f3logos, entre otros.<\/p>\n","protected":false},"excerpt":{"rendered":"<p>Por: Staff | #NuevoLaredo #Tamaulipas Nuevo Laredo, Tamaulipas.- Se realiz\u00f3 una jornada m\u00e1s del programa \u201cEscuela y Salud\u201d en la primaria Luis Donaldo Colosio de la colonia Voluntad y Trabajo 3. Se brind\u00f3 apoyo a 560 alumnos con atenciones dentales, asesor\u00edas psicol\u00f3gicas y chequeo de pediculosis (piojos), tambi\u00e9n se aplica fl\u00faor, una nutri\u00f3loga los revisa &hellip;<\/p>\n","protected":false},"author":1,"featured_media":7809,"comment_status":"open","ping_status":"open","sticky":false,"template":"","format":"standard","meta":{"footnotes":""},"categories":[38],"tags":[],"class_list":["post-7807","post","type-post","status-publish","format-standard","has-post-thumbnail","","category-nuevo-laredo"],"_links":{"self":[{"href":"https:\/\/www.radiointeractivo.com.mx\/index.php?rest_route=\/wp\/v2\/posts\/7807","targetHints":{"allow":["GET"]}}],"collection":[{"href":"https:\/\/www.radiointeractivo.com.mx\/index.php?rest_route=\/wp\/v2\/posts"}],"about":[{"href":"https:\/\/www.radiointeractivo.com.mx\/index.php?rest_route=\/wp\/v2\/types\/post"}],"author":[{"embeddable":true,"href":"https:\/\/www.radiointeractivo.com.mx\/index.php?rest_route=\/wp\/v2\/users\/1"}],"replies":[{"embeddable":true,"href":"https:\/\/www.radiointeractivo.com.mx\/index.php?rest_route=%2Fwp%2Fv2%2Fcomments&post=7807"}],"version-history":[{"count":1,"href":"https:\/\/www.radiointeractivo.com.mx\/index.php?rest_route=\/wp\/v2\/posts\/7807\/revisions"}],"predecessor-version":[{"id":7810,"href":"https:\/\/www.radiointeractivo.com.mx\/index.php?rest_route=\/wp\/v2\/posts\/7807\/revisions\/7810"}],"wp:featuredmedia":[{"embeddable":true,"href":"https:\/\/www.radiointeractivo.com.mx\/index.php?rest_route=\/wp\/v2\/media\/7809"}],"wp:attachment":[{"href":"https:\/\/www.radiointeractivo.com.mx\/index.php?rest_route=%2Fwp%2Fv2%2Fmedia&parent=7807"}],"wp:term":[{"taxonomy":"category","embeddable":true,"href":"https:\/\/www.radiointeractivo.com.mx\/index.php?rest_route=%2Fwp%2Fv2%2Fcategories&post=7807"},{"taxonomy":"post_tag","embeddable":true,"href":"https:\/\/www.radiointeractivo.com.mx\/index.php?rest_route=%2Fwp%2Fv2%2Ftags&post=7807"}],"curies":[{"name":"wp","href":"https:\/\/api.w.org\/{rel}","templated":true}]}}