{"id":7803,"date":"2024-05-09T14:32:15","date_gmt":"2024-05-09T19:32:15","guid":{"rendered":"https:\/\/www.radiointeractivo.com.mx\/?p=7803"},"modified":"2024-05-09T14:32:16","modified_gmt":"2024-05-09T19:32:16","slug":"celebran-y-reconocen-a-mamas-de-la-presidencia-municipal","status":"publish","type":"post","link":"https:\/\/www.radiointeractivo.com.mx\/?p=7803","title":{"rendered":"CELEBRAN Y RECONOCEN A MAM\u00c1S DE LA PRESIDENCIA MUNICIPAL"},"content":{"rendered":"\n<figure class=\"wp-block-image size-large\"><img loading=\"lazy\" decoding=\"async\" width=\"1024\" height=\"682\" src=\"https:\/\/www.radiointeractivo.com.mx\/wp-content\/uploads\/2024\/05\/WhatsApp-Image-2024-05-09-at-1.40.20-PM-1024x682.jpeg\" alt=\"\" class=\"wp-image-7805\" srcset=\"https:\/\/www.radiointeractivo.com.mx\/wp-content\/uploads\/2024\/05\/WhatsApp-Image-2024-05-09-at-1.40.20-PM-1024x682.jpeg 1024w, https:\/\/www.radiointeractivo.com.mx\/wp-content\/uploads\/2024\/05\/WhatsApp-Image-2024-05-09-at-1.40.20-PM-300x200.jpeg 300w, https:\/\/www.radiointeractivo.com.mx\/wp-content\/uploads\/2024\/05\/WhatsApp-Image-2024-05-09-at-1.40.20-PM-768x512.jpeg 768w, https:\/\/www.radiointeractivo.com.mx\/wp-content\/uploads\/2024\/05\/WhatsApp-Image-2024-05-09-at-1.40.20-PM-1536x1023.jpeg 1536w, https:\/\/www.radiointeractivo.com.mx\/wp-content\/uploads\/2024\/05\/WhatsApp-Image-2024-05-09-at-1.40.20-PM-310x205.jpeg 310w, https:\/\/www.radiointeractivo.com.mx\/wp-content\/uploads\/2024\/05\/WhatsApp-Image-2024-05-09-at-1.40.20-PM.jpeg 1600w\" sizes=\"auto, (max-width: 1024px) 100vw, 1024px\" \/><\/figure>\n\n\n\n<p>Por: Staff | #NuevoLaredo #Tamaulipas<\/p>\n\n\n\n<p>En el marco de los festejos por el D\u00eda de las Madres, la presidenta municipal, Dra. Liliana Arjona Barocio, celebr\u00f3 y reconoci\u00f3 el incansable esfuerzo de las mujeres al frente de una familia y su indispensable funci\u00f3n dentro del gobierno municipal.<\/p>\n\n\n\n<p>\u201cQuiero expresarles mi m\u00e1s sincero agradecimiento por su dedicaci\u00f3n y trabajo. Ustedes son un ejemplo inspirador para todos nosotros, y su labor no pasa desapercibida.\u201d mencion\u00f3<\/p>\n\n\n\n<p>Tambi\u00e9n les dese\u00f3 un d\u00eda est\u00e9 lleno de amor, alegr\u00eda y reconocimiento merecido.<\/p>\n","protected":false},"excerpt":{"rendered":"<p>Por: Staff | #NuevoLaredo #Tamaulipas En el marco de los festejos por el D\u00eda de las Madres, la presidenta municipal, Dra. Liliana Arjona Barocio, celebr\u00f3 y reconoci\u00f3 el incansable esfuerzo de las mujeres al frente de una familia y su indispensable funci\u00f3n dentro del gobierno municipal. \u201cQuiero expresarles mi m\u00e1s sincero agradecimiento por su dedicaci\u00f3n &hellip;<\/p>\n","protected":false},"author":1,"featured_media":7804,"comment_status":"open","ping_status":"open","sticky":false,"template":"","format":"standard","meta":{"footnotes":""},"categories":[38],"tags":[],"class_list":["post-7803","post","type-post","status-publish","format-standard","has-post-thumbnail","","category-nuevo-laredo"],"_links":{"self":[{"href":"https:\/\/www.radiointeractivo.com.mx\/index.php?rest_route=\/wp\/v2\/posts\/7803","targetHints":{"allow":["GET"]}}],"collection":[{"href":"https:\/\/www.radiointeractivo.com.mx\/index.php?rest_route=\/wp\/v2\/posts"}],"about":[{"href":"https:\/\/www.radiointeractivo.com.mx\/index.php?rest_route=\/wp\/v2\/types\/post"}],"author":[{"embeddable":true,"href":"https:\/\/www.radiointeractivo.com.mx\/index.php?rest_route=\/wp\/v2\/users\/1"}],"replies":[{"embeddable":true,"href":"https:\/\/www.radiointeractivo.com.mx\/index.php?rest_route=%2Fwp%2Fv2%2Fcomments&post=7803"}],"version-history":[{"count":1,"href":"https:\/\/www.radiointeractivo.com.mx\/index.php?rest_route=\/wp\/v2\/posts\/7803\/revisions"}],"predecessor-version":[{"id":7806,"href":"https:\/\/www.radiointeractivo.com.mx\/index.php?rest_route=\/wp\/v2\/posts\/7803\/revisions\/7806"}],"wp:featuredmedia":[{"embeddable":true,"href":"https:\/\/www.radiointeractivo.com.mx\/index.php?rest_route=\/wp\/v2\/media\/7804"}],"wp:attachment":[{"href":"https:\/\/www.radiointeractivo.com.mx\/index.php?rest_route=%2Fwp%2Fv2%2Fmedia&parent=7803"}],"wp:term":[{"taxonomy":"category","embeddable":true,"href":"https:\/\/www.radiointeractivo.com.mx\/index.php?rest_route=%2Fwp%2Fv2%2Fcategories&post=7803"},{"taxonomy":"post_tag","embeddable":true,"href":"https:\/\/www.radiointeractivo.com.mx\/index.php?rest_route=%2Fwp%2Fv2%2Ftags&post=7803"}],"curies":[{"name":"wp","href":"https:\/\/api.w.org\/{rel}","templated":true}]}}