{"id":7788,"date":"2024-05-07T14:50:55","date_gmt":"2024-05-07T19:50:55","guid":{"rendered":"https:\/\/www.radiointeractivo.com.mx\/?p=7788"},"modified":"2024-05-07T14:50:56","modified_gmt":"2024-05-07T19:50:56","slug":"avanza-construccion-de-la-infoteca-la-fe","status":"publish","type":"post","link":"https:\/\/www.radiointeractivo.com.mx\/?p=7788","title":{"rendered":"AVANZA CONSTRUCCI\u00d3N DE LA INFOTECA LA FE"},"content":{"rendered":"\n<figure class=\"wp-block-image size-large\"><img loading=\"lazy\" decoding=\"async\" width=\"1024\" height=\"683\" src=\"https:\/\/www.radiointeractivo.com.mx\/wp-content\/uploads\/2024\/05\/WhatsApp-Image-2024-05-07-at-1.01.54-PM-1024x683.jpeg\" alt=\"\" class=\"wp-image-7789\" srcset=\"https:\/\/www.radiointeractivo.com.mx\/wp-content\/uploads\/2024\/05\/WhatsApp-Image-2024-05-07-at-1.01.54-PM-1024x683.jpeg 1024w, https:\/\/www.radiointeractivo.com.mx\/wp-content\/uploads\/2024\/05\/WhatsApp-Image-2024-05-07-at-1.01.54-PM-300x200.jpeg 300w, https:\/\/www.radiointeractivo.com.mx\/wp-content\/uploads\/2024\/05\/WhatsApp-Image-2024-05-07-at-1.01.54-PM-768x512.jpeg 768w, https:\/\/www.radiointeractivo.com.mx\/wp-content\/uploads\/2024\/05\/WhatsApp-Image-2024-05-07-at-1.01.54-PM.jpeg 1280w\" sizes=\"auto, (max-width: 1024px) 100vw, 1024px\" \/><\/figure>\n\n\n\n<p>Por: Staff | #NuevoLaredo #Tamaulipas<\/p>\n\n\n\n<p>Nuevo Laredo, Tamaulipas.- La Infoteca Municipal \u201cLa Fe\u201d, avanza en tiempo y forma. Una vez concluida ser\u00e1 un facilitador de consulta alterna para el desarrollo integral de los usuarios, sobre todo, j\u00f3venes estudiantes.<\/p>\n\n\n\n<p>La Infoteca estar\u00e1 ubicada en Eva S\u00e1mano y Villagr\u00e1n en la Colonia La Fe, se destin\u00f3 un presupuesto para su edificaci\u00f3n de m\u00e1s de 52 millones de pesos.<\/p>\n\n\n\n<p>Una vez concluida, beneficiar\u00e1 a 15 mil habitantes directos y 22 mil 379 indirectos, actualmente se avanza en la colocaci\u00f3n de vigas para losa de azotea. As\u00ed como la colocaci\u00f3n de l\u00e1mina losacero, tambi\u00e9n el colado de columnas en el segundo nivel.<\/p>\n\n\n\n<p>Tambi\u00e9n se colocan equipos y ductos de aire acondicionado, instalaci\u00f3n de centro de carga e instalaci\u00f3n el\u00e9ctricas, as\u00ed como red de voz y datos, entre otros.<\/p>\n","protected":false},"excerpt":{"rendered":"<p>Por: Staff | #NuevoLaredo #Tamaulipas Nuevo Laredo, Tamaulipas.- La Infoteca Municipal \u201cLa Fe\u201d, avanza en tiempo y forma. Una vez concluida ser\u00e1 un facilitador de consulta alterna para el desarrollo integral de los usuarios, sobre todo, j\u00f3venes estudiantes. La Infoteca estar\u00e1 ubicada en Eva S\u00e1mano y Villagr\u00e1n en la Colonia La Fe, se destin\u00f3 un &hellip;<\/p>\n","protected":false},"author":1,"featured_media":7790,"comment_status":"open","ping_status":"open","sticky":false,"template":"","format":"standard","meta":{"footnotes":""},"categories":[38],"tags":[],"class_list":["post-7788","post","type-post","status-publish","format-standard","has-post-thumbnail","","category-nuevo-laredo"],"_links":{"self":[{"href":"https:\/\/www.radiointeractivo.com.mx\/index.php?rest_route=\/wp\/v2\/posts\/7788","targetHints":{"allow":["GET"]}}],"collection":[{"href":"https:\/\/www.radiointeractivo.com.mx\/index.php?rest_route=\/wp\/v2\/posts"}],"about":[{"href":"https:\/\/www.radiointeractivo.com.mx\/index.php?rest_route=\/wp\/v2\/types\/post"}],"author":[{"embeddable":true,"href":"https:\/\/www.radiointeractivo.com.mx\/index.php?rest_route=\/wp\/v2\/users\/1"}],"replies":[{"embeddable":true,"href":"https:\/\/www.radiointeractivo.com.mx\/index.php?rest_route=%2Fwp%2Fv2%2Fcomments&post=7788"}],"version-history":[{"count":1,"href":"https:\/\/www.radiointeractivo.com.mx\/index.php?rest_route=\/wp\/v2\/posts\/7788\/revisions"}],"predecessor-version":[{"id":7791,"href":"https:\/\/www.radiointeractivo.com.mx\/index.php?rest_route=\/wp\/v2\/posts\/7788\/revisions\/7791"}],"wp:featuredmedia":[{"embeddable":true,"href":"https:\/\/www.radiointeractivo.com.mx\/index.php?rest_route=\/wp\/v2\/media\/7790"}],"wp:attachment":[{"href":"https:\/\/www.radiointeractivo.com.mx\/index.php?rest_route=%2Fwp%2Fv2%2Fmedia&parent=7788"}],"wp:term":[{"taxonomy":"category","embeddable":true,"href":"https:\/\/www.radiointeractivo.com.mx\/index.php?rest_route=%2Fwp%2Fv2%2Fcategories&post=7788"},{"taxonomy":"post_tag","embeddable":true,"href":"https:\/\/www.radiointeractivo.com.mx\/index.php?rest_route=%2Fwp%2Fv2%2Ftags&post=7788"}],"curies":[{"name":"wp","href":"https:\/\/api.w.org\/{rel}","templated":true}]}}