{"id":7780,"date":"2024-05-06T14:58:31","date_gmt":"2024-05-06T19:58:31","guid":{"rendered":"https:\/\/www.radiointeractivo.com.mx\/?p=7780"},"modified":"2024-05-06T14:58:32","modified_gmt":"2024-05-06T19:58:32","slug":"inicia-segunda-jornada-de-vacunacion-contra-el-vph-2024","status":"publish","type":"post","link":"https:\/\/www.radiointeractivo.com.mx\/?p=7780","title":{"rendered":"INICIA SEGUNDA JORNADA DE VACUNACI\u00d3N CONTRA EL VPH 2024"},"content":{"rendered":"\n<figure class=\"wp-block-image size-large\"><img loading=\"lazy\" decoding=\"async\" width=\"1024\" height=\"682\" src=\"https:\/\/www.radiointeractivo.com.mx\/wp-content\/uploads\/2024\/05\/WhatsApp-Image-2024-05-06-at-2.43.32-PM-1024x682.jpeg\" alt=\"\" class=\"wp-image-7781\" srcset=\"https:\/\/www.radiointeractivo.com.mx\/wp-content\/uploads\/2024\/05\/WhatsApp-Image-2024-05-06-at-2.43.32-PM-1024x682.jpeg 1024w, https:\/\/www.radiointeractivo.com.mx\/wp-content\/uploads\/2024\/05\/WhatsApp-Image-2024-05-06-at-2.43.32-PM-300x200.jpeg 300w, https:\/\/www.radiointeractivo.com.mx\/wp-content\/uploads\/2024\/05\/WhatsApp-Image-2024-05-06-at-2.43.32-PM-768x512.jpeg 768w, https:\/\/www.radiointeractivo.com.mx\/wp-content\/uploads\/2024\/05\/WhatsApp-Image-2024-05-06-at-2.43.32-PM-1536x1023.jpeg 1536w, https:\/\/www.radiointeractivo.com.mx\/wp-content\/uploads\/2024\/05\/WhatsApp-Image-2024-05-06-at-2.43.32-PM-310x205.jpeg 310w, https:\/\/www.radiointeractivo.com.mx\/wp-content\/uploads\/2024\/05\/WhatsApp-Image-2024-05-06-at-2.43.32-PM.jpeg 1600w\" sizes=\"auto, (max-width: 1024px) 100vw, 1024px\" \/><\/figure>\n\n\n\n<p>Por: Staff | #NuevoLaredo #Tamaulipas<\/p>\n\n\n\n<p>Nuevo Laredo, Tamaulipas.- Con la finalidad de cuidar la salud y prevenir contagios, dio inicio la segunda&nbsp; etapa de la campa\u00f1a de Virus de Papiloma&nbsp; Humano (VPH) en la primaria Ni\u00f1o Artillero ubicada en la colonia Infonavit.<\/p>\n\n\n\n<p>En febrero de 2024 inici\u00f3 la primera etapa en m\u00e1s de 170 escuelas en donde se vacunaron a m\u00e1s de 5 mil ni\u00f1os varones de entre 9 y 16 a\u00f1os de edad. Se pretende en esta segunda etapa vacunar a esos 5 mil ni\u00f1os para completar su esquema contra el VPH.<\/p>\n\n\n\n<p>En el arranque de esta segunda etapa, se busca abarcar diariamente 20 escuelas con un aproximado de 800 ni\u00f1os. La Agencia Palos Garza y el club Rotario Nuevo Laredo, aportan recursos y vacunas para cumplir con este objetivo sanitario.<\/p>\n\n\n\n<p>Se busca aplicar la vacuna a ni\u00f1os que no hayan iniciado su actividad sexual para que abarque un mayo espectro. Se tiene programado que el 19 de mayo se complete el objetivo de vacunar a los 5 mil ni\u00f1os que recibieron la primera dosis.<\/p>\n\n\n\n<p>La siguiente jornada iniciar\u00e1 tentativamente al inicio del siguiente ciclo escolar 2024-2025 cu\u00e1ndo se aplicar\u00eda la primera dosis de la vacuna del VPH y la meta es vacunar a otros 5 mil ni\u00f1os. A trav\u00e9s de las redes sociales del municipio se dar\u00e1 fechas para el inicio de la siguiente jornada de vacunaci\u00f3n.<\/p>\n\n\n\n<p>Para la vacunaci\u00f3n se requiere la autorizaci\u00f3n por escrito de los padres de familia. La Facultad de Enfermer\u00eda apoya la campa\u00f1a con la labor de alrededor de 20 estudiantes por jornada que son los responsables de aplicar la vacuna. Se trata de alumnos desde 4 semestre que ya cuentan con experiencia en la aplicaci\u00f3n de vacunas.<\/p>\n","protected":false},"excerpt":{"rendered":"<p>Por: Staff | #NuevoLaredo #Tamaulipas Nuevo Laredo, Tamaulipas.- Con la finalidad de cuidar la salud y prevenir contagios, dio inicio la segunda&nbsp; etapa de la campa\u00f1a de Virus de Papiloma&nbsp; Humano (VPH) en la primaria Ni\u00f1o Artillero ubicada en la colonia Infonavit. En febrero de 2024 inici\u00f3 la primera etapa en m\u00e1s de 170 escuelas &hellip;<\/p>\n","protected":false},"author":1,"featured_media":7781,"comment_status":"open","ping_status":"open","sticky":false,"template":"","format":"standard","meta":{"footnotes":""},"categories":[38],"tags":[],"class_list":["post-7780","post","type-post","status-publish","format-standard","has-post-thumbnail","","category-nuevo-laredo"],"_links":{"self":[{"href":"https:\/\/www.radiointeractivo.com.mx\/index.php?rest_route=\/wp\/v2\/posts\/7780","targetHints":{"allow":["GET"]}}],"collection":[{"href":"https:\/\/www.radiointeractivo.com.mx\/index.php?rest_route=\/wp\/v2\/posts"}],"about":[{"href":"https:\/\/www.radiointeractivo.com.mx\/index.php?rest_route=\/wp\/v2\/types\/post"}],"author":[{"embeddable":true,"href":"https:\/\/www.radiointeractivo.com.mx\/index.php?rest_route=\/wp\/v2\/users\/1"}],"replies":[{"embeddable":true,"href":"https:\/\/www.radiointeractivo.com.mx\/index.php?rest_route=%2Fwp%2Fv2%2Fcomments&post=7780"}],"version-history":[{"count":1,"href":"https:\/\/www.radiointeractivo.com.mx\/index.php?rest_route=\/wp\/v2\/posts\/7780\/revisions"}],"predecessor-version":[{"id":7782,"href":"https:\/\/www.radiointeractivo.com.mx\/index.php?rest_route=\/wp\/v2\/posts\/7780\/revisions\/7782"}],"wp:featuredmedia":[{"embeddable":true,"href":"https:\/\/www.radiointeractivo.com.mx\/index.php?rest_route=\/wp\/v2\/media\/7781"}],"wp:attachment":[{"href":"https:\/\/www.radiointeractivo.com.mx\/index.php?rest_route=%2Fwp%2Fv2%2Fmedia&parent=7780"}],"wp:term":[{"taxonomy":"category","embeddable":true,"href":"https:\/\/www.radiointeractivo.com.mx\/index.php?rest_route=%2Fwp%2Fv2%2Fcategories&post=7780"},{"taxonomy":"post_tag","embeddable":true,"href":"https:\/\/www.radiointeractivo.com.mx\/index.php?rest_route=%2Fwp%2Fv2%2Ftags&post=7780"}],"curies":[{"name":"wp","href":"https:\/\/api.w.org\/{rel}","templated":true}]}}