{"id":7765,"date":"2024-04-26T18:42:41","date_gmt":"2024-04-26T23:42:41","guid":{"rendered":"https:\/\/www.radiointeractivo.com.mx\/?p=7765"},"modified":"2024-04-26T18:42:42","modified_gmt":"2024-04-26T23:42:42","slug":"lista-la-nueva-area-acuatica-para-ninos-y-alberca-camecuaro-en-el-parque-viveros","status":"publish","type":"post","link":"https:\/\/www.radiointeractivo.com.mx\/?p=7765","title":{"rendered":"LISTA LA NUEVA \u00c1REA ACU\u00c1TICA PARA NI\u00d1OS Y ALBERCA CAM\u00c9CUARO EN EL PARQUE VIVEROS"},"content":{"rendered":"\n<figure class=\"wp-block-image size-large\"><img loading=\"lazy\" decoding=\"async\" width=\"1024\" height=\"682\" src=\"https:\/\/www.radiointeractivo.com.mx\/wp-content\/uploads\/2024\/04\/WhatsApp-Image-2024-04-26-at-5.46.34-PM-1024x682.jpeg\" alt=\"\" class=\"wp-image-7766\" srcset=\"https:\/\/www.radiointeractivo.com.mx\/wp-content\/uploads\/2024\/04\/WhatsApp-Image-2024-04-26-at-5.46.34-PM-1024x682.jpeg 1024w, https:\/\/www.radiointeractivo.com.mx\/wp-content\/uploads\/2024\/04\/WhatsApp-Image-2024-04-26-at-5.46.34-PM-300x200.jpeg 300w, https:\/\/www.radiointeractivo.com.mx\/wp-content\/uploads\/2024\/04\/WhatsApp-Image-2024-04-26-at-5.46.34-PM-768x512.jpeg 768w, https:\/\/www.radiointeractivo.com.mx\/wp-content\/uploads\/2024\/04\/WhatsApp-Image-2024-04-26-at-5.46.34-PM-1536x1023.jpeg 1536w, https:\/\/www.radiointeractivo.com.mx\/wp-content\/uploads\/2024\/04\/WhatsApp-Image-2024-04-26-at-5.46.34-PM-310x205.jpeg 310w, https:\/\/www.radiointeractivo.com.mx\/wp-content\/uploads\/2024\/04\/WhatsApp-Image-2024-04-26-at-5.46.34-PM.jpeg 1600w\" sizes=\"auto, (max-width: 1024px) 100vw, 1024px\" \/><\/figure>\n\n\n\n<p>Por: Staff | #NuevoLaredo #Tamaulipas<\/p>\n\n\n\n<p>Nuevo Laredo, Tamaulipas.- La alberca Cam\u00e9cuaro vuelve a dar servicio tras ser rehabilitada, pintada y&nbsp; mejores instalaciones, la entrada ser\u00e1 gratuita durante los fines de semana, adem\u00e1s del 30 de abril por motivo del d\u00eda del ni\u00f1o.<\/p>\n\n\n\n<p>Tambi\u00e9n se encuentra lista la nueva \u00e1rea de chapoteadero con din\u00e1micas atracciones para los peque\u00f1os, esto forma parte de la rehabilitaci\u00f3n que se realiz\u00f3 en el Parque Viveros.<\/p>\n\n\n\n<p>La alberca Cam\u00e9cuaro tendr\u00e1 un horario de martes a domingo de 2 de la tarde a 8 de la noche, para que las familias puedan disfrutar al m\u00e1ximo de esta \u00e1rea renovada.<\/p>\n\n\n\n<p>Se contar\u00e1 con torres vig\u00eda con personal de salvavidas debidamente capacitado para estar al pendiente de la seguridad de las personas que acudan a las albercas.<\/p>\n\n\n\n<p>Las albercas cuentan adem\u00e1s con ganchos de rescate en caso de alguna emergencia y para el chapoteadero, nueva atracci\u00f3n ubicado en el parque Viveros, habr\u00e1 un reglamento muy estricto y los ni\u00f1os deben ir acompa\u00f1ados de un adulto.<\/p>\n","protected":false},"excerpt":{"rendered":"<p>Por: Staff | #NuevoLaredo #Tamaulipas Nuevo Laredo, Tamaulipas.- La alberca Cam\u00e9cuaro vuelve a dar servicio tras ser rehabilitada, pintada y&nbsp; mejores instalaciones, la entrada ser\u00e1 gratuita durante los fines de semana, adem\u00e1s del 30 de abril por motivo del d\u00eda del ni\u00f1o. Tambi\u00e9n se encuentra lista la nueva \u00e1rea de chapoteadero con din\u00e1micas atracciones para &hellip;<\/p>\n","protected":false},"author":1,"featured_media":7767,"comment_status":"open","ping_status":"open","sticky":false,"template":"","format":"standard","meta":{"footnotes":""},"categories":[38],"tags":[],"class_list":["post-7765","post","type-post","status-publish","format-standard","has-post-thumbnail","","category-nuevo-laredo"],"_links":{"self":[{"href":"https:\/\/www.radiointeractivo.com.mx\/index.php?rest_route=\/wp\/v2\/posts\/7765","targetHints":{"allow":["GET"]}}],"collection":[{"href":"https:\/\/www.radiointeractivo.com.mx\/index.php?rest_route=\/wp\/v2\/posts"}],"about":[{"href":"https:\/\/www.radiointeractivo.com.mx\/index.php?rest_route=\/wp\/v2\/types\/post"}],"author":[{"embeddable":true,"href":"https:\/\/www.radiointeractivo.com.mx\/index.php?rest_route=\/wp\/v2\/users\/1"}],"replies":[{"embeddable":true,"href":"https:\/\/www.radiointeractivo.com.mx\/index.php?rest_route=%2Fwp%2Fv2%2Fcomments&post=7765"}],"version-history":[{"count":1,"href":"https:\/\/www.radiointeractivo.com.mx\/index.php?rest_route=\/wp\/v2\/posts\/7765\/revisions"}],"predecessor-version":[{"id":7768,"href":"https:\/\/www.radiointeractivo.com.mx\/index.php?rest_route=\/wp\/v2\/posts\/7765\/revisions\/7768"}],"wp:featuredmedia":[{"embeddable":true,"href":"https:\/\/www.radiointeractivo.com.mx\/index.php?rest_route=\/wp\/v2\/media\/7767"}],"wp:attachment":[{"href":"https:\/\/www.radiointeractivo.com.mx\/index.php?rest_route=%2Fwp%2Fv2%2Fmedia&parent=7765"}],"wp:term":[{"taxonomy":"category","embeddable":true,"href":"https:\/\/www.radiointeractivo.com.mx\/index.php?rest_route=%2Fwp%2Fv2%2Fcategories&post=7765"},{"taxonomy":"post_tag","embeddable":true,"href":"https:\/\/www.radiointeractivo.com.mx\/index.php?rest_route=%2Fwp%2Fv2%2Ftags&post=7765"}],"curies":[{"name":"wp","href":"https:\/\/api.w.org\/{rel}","templated":true}]}}