{"id":7750,"date":"2024-04-25T14:33:03","date_gmt":"2024-04-25T19:33:03","guid":{"rendered":"https:\/\/www.radiointeractivo.com.mx\/?p=7750"},"modified":"2024-04-25T14:33:04","modified_gmt":"2024-04-25T19:33:04","slug":"habra-viernes-de-danzon-en-la-plaza-juarez","status":"publish","type":"post","link":"https:\/\/www.radiointeractivo.com.mx\/?p=7750","title":{"rendered":"HABR\u00c1 \u201cVIERNES DE DANZ\u00d3N\u201d EN LA PLAZA JU\u00c1REZ"},"content":{"rendered":"\n<figure class=\"wp-block-image size-large\"><img loading=\"lazy\" decoding=\"async\" width=\"1024\" height=\"682\" src=\"https:\/\/www.radiointeractivo.com.mx\/wp-content\/uploads\/2024\/04\/WhatsApp-Image-2024-04-25-at-1.35.14-PM-1024x682.jpeg\" alt=\"\" class=\"wp-image-7751\" srcset=\"https:\/\/www.radiointeractivo.com.mx\/wp-content\/uploads\/2024\/04\/WhatsApp-Image-2024-04-25-at-1.35.14-PM-1024x682.jpeg 1024w, https:\/\/www.radiointeractivo.com.mx\/wp-content\/uploads\/2024\/04\/WhatsApp-Image-2024-04-25-at-1.35.14-PM-300x200.jpeg 300w, https:\/\/www.radiointeractivo.com.mx\/wp-content\/uploads\/2024\/04\/WhatsApp-Image-2024-04-25-at-1.35.14-PM-768x512.jpeg 768w, https:\/\/www.radiointeractivo.com.mx\/wp-content\/uploads\/2024\/04\/WhatsApp-Image-2024-04-25-at-1.35.14-PM-310x205.jpeg 310w, https:\/\/www.radiointeractivo.com.mx\/wp-content\/uploads\/2024\/04\/WhatsApp-Image-2024-04-25-at-1.35.14-PM.jpeg 1280w\" sizes=\"auto, (max-width: 1024px) 100vw, 1024px\" \/><\/figure>\n\n\n\n<p>Por: Staff | #NuevoLaredo #Tamaulipas<\/p>\n\n\n\n<p>Nuevo Laredo, Tamaulipas.- Este viernes 26 de abril se realizar\u00e1 una edici\u00f3n m\u00e1s de \u201cViernes de Danz\u00f3n\u201d.<\/p>\n\n\n\n<p>Este evento tendr\u00e1 lugar en la Plaza Ju\u00e1rez de las 6:00 PM a las 8:00 PM, como un atractivo adicional se contar\u00e1 con la actuaci\u00f3n del Grupo de Danza Folkl\u00f3rica de Casa Club Adulto Activo del DIF y el Grupo de Danza Folkl\u00f3rica Mextli de Nuevo Laredo.<\/p>\n","protected":false},"excerpt":{"rendered":"<p>Por: Staff | #NuevoLaredo #Tamaulipas Nuevo Laredo, Tamaulipas.- Este viernes 26 de abril se realizar\u00e1 una edici\u00f3n m\u00e1s de \u201cViernes de Danz\u00f3n\u201d. Este evento tendr\u00e1 lugar en la Plaza Ju\u00e1rez de las 6:00 PM a las 8:00 PM, como un atractivo adicional se contar\u00e1 con la actuaci\u00f3n del Grupo de Danza Folkl\u00f3rica de Casa Club &hellip;<\/p>\n","protected":false},"author":1,"featured_media":7752,"comment_status":"open","ping_status":"open","sticky":false,"template":"","format":"standard","meta":{"footnotes":""},"categories":[38],"tags":[],"class_list":["post-7750","post","type-post","status-publish","format-standard","has-post-thumbnail","","category-nuevo-laredo"],"_links":{"self":[{"href":"https:\/\/www.radiointeractivo.com.mx\/index.php?rest_route=\/wp\/v2\/posts\/7750","targetHints":{"allow":["GET"]}}],"collection":[{"href":"https:\/\/www.radiointeractivo.com.mx\/index.php?rest_route=\/wp\/v2\/posts"}],"about":[{"href":"https:\/\/www.radiointeractivo.com.mx\/index.php?rest_route=\/wp\/v2\/types\/post"}],"author":[{"embeddable":true,"href":"https:\/\/www.radiointeractivo.com.mx\/index.php?rest_route=\/wp\/v2\/users\/1"}],"replies":[{"embeddable":true,"href":"https:\/\/www.radiointeractivo.com.mx\/index.php?rest_route=%2Fwp%2Fv2%2Fcomments&post=7750"}],"version-history":[{"count":1,"href":"https:\/\/www.radiointeractivo.com.mx\/index.php?rest_route=\/wp\/v2\/posts\/7750\/revisions"}],"predecessor-version":[{"id":7753,"href":"https:\/\/www.radiointeractivo.com.mx\/index.php?rest_route=\/wp\/v2\/posts\/7750\/revisions\/7753"}],"wp:featuredmedia":[{"embeddable":true,"href":"https:\/\/www.radiointeractivo.com.mx\/index.php?rest_route=\/wp\/v2\/media\/7752"}],"wp:attachment":[{"href":"https:\/\/www.radiointeractivo.com.mx\/index.php?rest_route=%2Fwp%2Fv2%2Fmedia&parent=7750"}],"wp:term":[{"taxonomy":"category","embeddable":true,"href":"https:\/\/www.radiointeractivo.com.mx\/index.php?rest_route=%2Fwp%2Fv2%2Fcategories&post=7750"},{"taxonomy":"post_tag","embeddable":true,"href":"https:\/\/www.radiointeractivo.com.mx\/index.php?rest_route=%2Fwp%2Fv2%2Ftags&post=7750"}],"curies":[{"name":"wp","href":"https:\/\/api.w.org\/{rel}","templated":true}]}}