{"id":7741,"date":"2024-04-24T17:50:04","date_gmt":"2024-04-24T22:50:04","guid":{"rendered":"https:\/\/www.radiointeractivo.com.mx\/?p=7741"},"modified":"2024-04-24T17:50:05","modified_gmt":"2024-04-24T22:50:05","slug":"inicia-la-semana-academica-de-arquitectura-del-tec-nuevo-laredo","status":"publish","type":"post","link":"https:\/\/www.radiointeractivo.com.mx\/?p=7741","title":{"rendered":"INICIA LA SEMANA ACAD\u00c9MICA DE ARQUITECTURA DEL TEC NUEVO LAREDO"},"content":{"rendered":"\n<figure class=\"wp-block-image size-large\"><img loading=\"lazy\" decoding=\"async\" width=\"1024\" height=\"682\" src=\"https:\/\/www.radiointeractivo.com.mx\/wp-content\/uploads\/2024\/04\/WhatsApp-Image-2024-04-24-at-5.30.37-PM-1024x682.jpeg\" alt=\"\" class=\"wp-image-7742\" srcset=\"https:\/\/www.radiointeractivo.com.mx\/wp-content\/uploads\/2024\/04\/WhatsApp-Image-2024-04-24-at-5.30.37-PM-1024x682.jpeg 1024w, https:\/\/www.radiointeractivo.com.mx\/wp-content\/uploads\/2024\/04\/WhatsApp-Image-2024-04-24-at-5.30.37-PM-300x200.jpeg 300w, https:\/\/www.radiointeractivo.com.mx\/wp-content\/uploads\/2024\/04\/WhatsApp-Image-2024-04-24-at-5.30.37-PM-768x511.jpeg 768w, https:\/\/www.radiointeractivo.com.mx\/wp-content\/uploads\/2024\/04\/WhatsApp-Image-2024-04-24-at-5.30.37-PM-310x205.jpeg 310w, https:\/\/www.radiointeractivo.com.mx\/wp-content\/uploads\/2024\/04\/WhatsApp-Image-2024-04-24-at-5.30.37-PM.jpeg 1280w\" sizes=\"auto, (max-width: 1024px) 100vw, 1024px\" \/><\/figure>\n\n\n\n<p>Por: Staff | #NuevoLaredo #Tamaulipas<\/p>\n\n\n\n<p>Nuevo Laredo, Tamaulipas.- En la sala anexa del Centro Cultural, se llev\u00f3 a cabo la ceremonia de&nbsp; inauguraci\u00f3n de la Semana Acad\u00e9mica de Arquitectura del \u201cInstituto Tecnol\u00f3gico Nacional de M\u00e9xico, Campus Nuevo Laredo\u201d.<\/p>\n\n\n\n<p>En dicho evento participan alrededor de 150 estudiantes de la carrera de arquitectura, se contar\u00e1 con seminarios, pl\u00e1ticas a cargo de expertos, exhibiciones, entre otros aspectos.<\/p>\n\n\n\n<p>El objetivo de este evento es sumar elementos para la formaci\u00f3n integral de los estudiantes y que en un futuro se conviertan en profesionistas, l\u00edderes altamente competitivos y comprometidos con el desarrollo de la comunidad.<\/p>\n\n\n\n<p>La ceremonia de inauguraci\u00f3n estuvo a cargo de la presidenta municipal, Dra. Liliana Arjona Barocio, quien invit\u00f3 a los estudiantes a aprovechar este importante evento para ampliar sus conocimientos y continuar con la tradici\u00f3n del Tecnol\u00f3gico de ofrecer profesionistas capacitados y con reconocimiento internacional.<\/p>\n\n\n\n<p>La directora del Tecnol\u00f3gico, Campus Nuevo Laredo, Santa Iliana Castillo Garc\u00eda, se congratul\u00f3 por los esfuerzos de estudiantes y maestros para hacer realidad esta semana de la arquitectura, a tiempo de reconocer la sinergia que se tiene con la administraci\u00f3n municipal en sus planes educativos.<\/p>\n\n\n\n<p>Se rindi\u00f3 un homenaje al Arq. Eduardo Alarc\u00f3n, fundador de la Academia de Arquitectura por su trayectoria.<\/p>\n","protected":false},"excerpt":{"rendered":"<p>Por: Staff | #NuevoLaredo #Tamaulipas Nuevo Laredo, Tamaulipas.- En la sala anexa del Centro Cultural, se llev\u00f3 a cabo la ceremonia de&nbsp; inauguraci\u00f3n de la Semana Acad\u00e9mica de Arquitectura del \u201cInstituto Tecnol\u00f3gico Nacional de M\u00e9xico, Campus Nuevo Laredo\u201d. En dicho evento participan alrededor de 150 estudiantes de la carrera de arquitectura, se contar\u00e1 con seminarios, &hellip;<\/p>\n","protected":false},"author":1,"featured_media":7743,"comment_status":"open","ping_status":"open","sticky":false,"template":"","format":"standard","meta":{"footnotes":""},"categories":[38],"tags":[],"class_list":["post-7741","post","type-post","status-publish","format-standard","has-post-thumbnail","","category-nuevo-laredo"],"_links":{"self":[{"href":"https:\/\/www.radiointeractivo.com.mx\/index.php?rest_route=\/wp\/v2\/posts\/7741","targetHints":{"allow":["GET"]}}],"collection":[{"href":"https:\/\/www.radiointeractivo.com.mx\/index.php?rest_route=\/wp\/v2\/posts"}],"about":[{"href":"https:\/\/www.radiointeractivo.com.mx\/index.php?rest_route=\/wp\/v2\/types\/post"}],"author":[{"embeddable":true,"href":"https:\/\/www.radiointeractivo.com.mx\/index.php?rest_route=\/wp\/v2\/users\/1"}],"replies":[{"embeddable":true,"href":"https:\/\/www.radiointeractivo.com.mx\/index.php?rest_route=%2Fwp%2Fv2%2Fcomments&post=7741"}],"version-history":[{"count":1,"href":"https:\/\/www.radiointeractivo.com.mx\/index.php?rest_route=\/wp\/v2\/posts\/7741\/revisions"}],"predecessor-version":[{"id":7744,"href":"https:\/\/www.radiointeractivo.com.mx\/index.php?rest_route=\/wp\/v2\/posts\/7741\/revisions\/7744"}],"wp:featuredmedia":[{"embeddable":true,"href":"https:\/\/www.radiointeractivo.com.mx\/index.php?rest_route=\/wp\/v2\/media\/7743"}],"wp:attachment":[{"href":"https:\/\/www.radiointeractivo.com.mx\/index.php?rest_route=%2Fwp%2Fv2%2Fmedia&parent=7741"}],"wp:term":[{"taxonomy":"category","embeddable":true,"href":"https:\/\/www.radiointeractivo.com.mx\/index.php?rest_route=%2Fwp%2Fv2%2Fcategories&post=7741"},{"taxonomy":"post_tag","embeddable":true,"href":"https:\/\/www.radiointeractivo.com.mx\/index.php?rest_route=%2Fwp%2Fv2%2Ftags&post=7741"}],"curies":[{"name":"wp","href":"https:\/\/api.w.org\/{rel}","templated":true}]}}