{"id":7698,"date":"2024-04-18T16:01:47","date_gmt":"2024-04-18T21:01:47","guid":{"rendered":"https:\/\/www.radiointeractivo.com.mx\/?p=7698"},"modified":"2024-04-18T16:01:48","modified_gmt":"2024-04-18T21:01:48","slug":"invitan-a-feria-del-empleo-en-la-plaza-hidalgo-habra-mas-de-500-vacantes","status":"publish","type":"post","link":"https:\/\/www.radiointeractivo.com.mx\/?p=7698","title":{"rendered":"INVITAN A FERIA DEL EMPLEO EN LA PLAZA HIDALGO; HABR\u00c1 M\u00c1S DE 500 VACANTES"},"content":{"rendered":"\n<figure class=\"wp-block-image size-large\"><img loading=\"lazy\" decoding=\"async\" width=\"1024\" height=\"682\" src=\"https:\/\/www.radiointeractivo.com.mx\/wp-content\/uploads\/2024\/04\/WhatsApp-Image-2024-04-18-at-3.24.23-PM-1024x682.jpeg\" alt=\"\" class=\"wp-image-7699\" srcset=\"https:\/\/www.radiointeractivo.com.mx\/wp-content\/uploads\/2024\/04\/WhatsApp-Image-2024-04-18-at-3.24.23-PM-1024x682.jpeg 1024w, https:\/\/www.radiointeractivo.com.mx\/wp-content\/uploads\/2024\/04\/WhatsApp-Image-2024-04-18-at-3.24.23-PM-300x200.jpeg 300w, https:\/\/www.radiointeractivo.com.mx\/wp-content\/uploads\/2024\/04\/WhatsApp-Image-2024-04-18-at-3.24.23-PM-768x512.jpeg 768w, https:\/\/www.radiointeractivo.com.mx\/wp-content\/uploads\/2024\/04\/WhatsApp-Image-2024-04-18-at-3.24.23-PM-310x205.jpeg 310w, https:\/\/www.radiointeractivo.com.mx\/wp-content\/uploads\/2024\/04\/WhatsApp-Image-2024-04-18-at-3.24.23-PM.jpeg 1280w\" sizes=\"auto, (max-width: 1024px) 100vw, 1024px\" \/><\/figure>\n\n\n\n<p>Por: Staff | #NuevoLaredo #Tamaulipas<\/p>\n\n\n\n<p>Nuevo Laredo, Tamaulipas.- Con la finalidad de ofrecer empleo y acercar las oportunidades, se realizar\u00e1 la Feria del Empleo donde se ofertar\u00e1n vacantes laborales.<\/p>\n\n\n\n<p>El evento se realizar\u00e1 este viernes 19 de abril en horario de las 9:00 AM a la 1:00 PM en la Plaza Hidalgo.<\/p>\n\n\n\n<p>Habr\u00e1 m\u00e1s de 500 vacantes de empresas relacionadas con el ramo maquilador, transporte, agencias aduanales, comerciales, de servicio, entre otras.<\/p>\n","protected":false},"excerpt":{"rendered":"<p>Por: Staff | #NuevoLaredo #Tamaulipas Nuevo Laredo, Tamaulipas.- Con la finalidad de ofrecer empleo y acercar las oportunidades, se realizar\u00e1 la Feria del Empleo donde se ofertar\u00e1n vacantes laborales. El evento se realizar\u00e1 este viernes 19 de abril en horario de las 9:00 AM a la 1:00 PM en la Plaza Hidalgo. Habr\u00e1 m\u00e1s de &hellip;<\/p>\n","protected":false},"author":1,"featured_media":7700,"comment_status":"open","ping_status":"open","sticky":false,"template":"","format":"standard","meta":{"footnotes":""},"categories":[38],"tags":[],"class_list":["post-7698","post","type-post","status-publish","format-standard","has-post-thumbnail","","category-nuevo-laredo"],"_links":{"self":[{"href":"https:\/\/www.radiointeractivo.com.mx\/index.php?rest_route=\/wp\/v2\/posts\/7698","targetHints":{"allow":["GET"]}}],"collection":[{"href":"https:\/\/www.radiointeractivo.com.mx\/index.php?rest_route=\/wp\/v2\/posts"}],"about":[{"href":"https:\/\/www.radiointeractivo.com.mx\/index.php?rest_route=\/wp\/v2\/types\/post"}],"author":[{"embeddable":true,"href":"https:\/\/www.radiointeractivo.com.mx\/index.php?rest_route=\/wp\/v2\/users\/1"}],"replies":[{"embeddable":true,"href":"https:\/\/www.radiointeractivo.com.mx\/index.php?rest_route=%2Fwp%2Fv2%2Fcomments&post=7698"}],"version-history":[{"count":1,"href":"https:\/\/www.radiointeractivo.com.mx\/index.php?rest_route=\/wp\/v2\/posts\/7698\/revisions"}],"predecessor-version":[{"id":7701,"href":"https:\/\/www.radiointeractivo.com.mx\/index.php?rest_route=\/wp\/v2\/posts\/7698\/revisions\/7701"}],"wp:featuredmedia":[{"embeddable":true,"href":"https:\/\/www.radiointeractivo.com.mx\/index.php?rest_route=\/wp\/v2\/media\/7700"}],"wp:attachment":[{"href":"https:\/\/www.radiointeractivo.com.mx\/index.php?rest_route=%2Fwp%2Fv2%2Fmedia&parent=7698"}],"wp:term":[{"taxonomy":"category","embeddable":true,"href":"https:\/\/www.radiointeractivo.com.mx\/index.php?rest_route=%2Fwp%2Fv2%2Fcategories&post=7698"},{"taxonomy":"post_tag","embeddable":true,"href":"https:\/\/www.radiointeractivo.com.mx\/index.php?rest_route=%2Fwp%2Fv2%2Ftags&post=7698"}],"curies":[{"name":"wp","href":"https:\/\/api.w.org\/{rel}","templated":true}]}}