{"id":7678,"date":"2024-04-17T11:02:43","date_gmt":"2024-04-17T16:02:43","guid":{"rendered":"https:\/\/www.radiointeractivo.com.mx\/?p=7678"},"modified":"2024-04-17T11:02:44","modified_gmt":"2024-04-17T16:02:44","slug":"reparacion-de-fuga-de-agua-afectara-a-usuarios-astecidos-por-tanque-buenavista","status":"publish","type":"post","link":"https:\/\/www.radiointeractivo.com.mx\/?p=7678","title":{"rendered":"REPARACI\u00d3N DE FUGA DE AGUA AFECTAR\u00c1 A USUARIOS ASTECIDOS POR TANQUE BUENAVISTA"},"content":{"rendered":"\n<figure class=\"wp-block-image size-large\"><img loading=\"lazy\" decoding=\"async\" width=\"1024\" height=\"768\" src=\"https:\/\/www.radiointeractivo.com.mx\/wp-content\/uploads\/2024\/04\/WhatsApp-Image-2024-04-17-at-10.57.56-AM-1024x768.jpeg\" alt=\"\" class=\"wp-image-7679\" srcset=\"https:\/\/www.radiointeractivo.com.mx\/wp-content\/uploads\/2024\/04\/WhatsApp-Image-2024-04-17-at-10.57.56-AM-1024x768.jpeg 1024w, https:\/\/www.radiointeractivo.com.mx\/wp-content\/uploads\/2024\/04\/WhatsApp-Image-2024-04-17-at-10.57.56-AM-300x225.jpeg 300w, https:\/\/www.radiointeractivo.com.mx\/wp-content\/uploads\/2024\/04\/WhatsApp-Image-2024-04-17-at-10.57.56-AM-768x576.jpeg 768w, https:\/\/www.radiointeractivo.com.mx\/wp-content\/uploads\/2024\/04\/WhatsApp-Image-2024-04-17-at-10.57.56-AM.jpeg 1280w\" sizes=\"auto, (max-width: 1024px) 100vw, 1024px\" \/><\/figure>\n\n\n\n<p>Por: Staff | #NuevoLaredo #Tamaulipas<\/p>\n\n\n\n<p>Nuevo Laredo, Tamaulipas.- Este pr\u00f3ximo viernes 19 de abril a partir de las 9:00 de la ma\u00f1ana, se trabajar\u00e1 en reparaci\u00f3n de fuga de agua, resultando afectado el servicio a los usuarios abastecidos por Tanque Buenavista.<\/p>\n\n\n\n<p>&nbsp;Se reparar\u00e1 la fuga presentada en caja de v\u00e1lvulas en una tuber\u00eda de 16 pulgadas de di\u00e1metro en la calle Eva S\u00e1mano entre Mina y Canales, el trabajo se realizar\u00e1 por un lapso estimado de 10 horas, los usuarios podr\u00e1n presentar falta de agua y\/o baja presi\u00f3n.<\/p>\n\n\n\n<p>Las colonias afectadas son: Alianza, Bellavista, Bertha del Avellano, Buenos Aires, Fracc. Maclovio Herrera, Las Arboledas, Claudette, Daniel Hern\u00e1ndez, El Maestro, Emiliano Zapata, H\u00e9ctor Rend\u00f3n, La Joya, La Sand\u00eda, Las Alazanas, Lomas del R\u00edo, Los Garza, Los Magueyes, Militar, Reforma Urbana, El Remolino, Ricardo Sandoval, Sistemas Merl\u00edn, Solidaridad, Tamaulipas, Villas de la Fe, Virreyes.<\/p>\n\n\n\n<p>Villas de San Miguel, Sector Ferroviario, Valles de An\u00e1huac, Haciendas Echegaray, Constitucional 1 y 2, Voluntad 2, 3 y 4, El Campanario, Insurgentes, Blanca Navidad, Los \u00c1ngeles, Parque Industrial Oradel, UT y Villas de Oradel.<\/p>\n\n\n\n<p>&nbsp;Se recomienda a las colonias afectadas, recolectar suficiente agua con anticipaci\u00f3n, tomando en consideraci\u00f3n el lapso de tiempo estimado. Se exhorta a los automovilistas a circular con precauci\u00f3n en el crucero, por su seguridad y la del personal trabajando.<\/p>\n","protected":false},"excerpt":{"rendered":"<p>Por: Staff | #NuevoLaredo #Tamaulipas Nuevo Laredo, Tamaulipas.- Este pr\u00f3ximo viernes 19 de abril a partir de las 9:00 de la ma\u00f1ana, se trabajar\u00e1 en reparaci\u00f3n de fuga de agua, resultando afectado el servicio a los usuarios abastecidos por Tanque Buenavista. &nbsp;Se reparar\u00e1 la fuga presentada en caja de v\u00e1lvulas en una tuber\u00eda de 16 &hellip;<\/p>\n","protected":false},"author":1,"featured_media":7680,"comment_status":"open","ping_status":"open","sticky":false,"template":"","format":"standard","meta":{"footnotes":""},"categories":[38],"tags":[],"class_list":["post-7678","post","type-post","status-publish","format-standard","has-post-thumbnail","","category-nuevo-laredo"],"_links":{"self":[{"href":"https:\/\/www.radiointeractivo.com.mx\/index.php?rest_route=\/wp\/v2\/posts\/7678","targetHints":{"allow":["GET"]}}],"collection":[{"href":"https:\/\/www.radiointeractivo.com.mx\/index.php?rest_route=\/wp\/v2\/posts"}],"about":[{"href":"https:\/\/www.radiointeractivo.com.mx\/index.php?rest_route=\/wp\/v2\/types\/post"}],"author":[{"embeddable":true,"href":"https:\/\/www.radiointeractivo.com.mx\/index.php?rest_route=\/wp\/v2\/users\/1"}],"replies":[{"embeddable":true,"href":"https:\/\/www.radiointeractivo.com.mx\/index.php?rest_route=%2Fwp%2Fv2%2Fcomments&post=7678"}],"version-history":[{"count":1,"href":"https:\/\/www.radiointeractivo.com.mx\/index.php?rest_route=\/wp\/v2\/posts\/7678\/revisions"}],"predecessor-version":[{"id":7681,"href":"https:\/\/www.radiointeractivo.com.mx\/index.php?rest_route=\/wp\/v2\/posts\/7678\/revisions\/7681"}],"wp:featuredmedia":[{"embeddable":true,"href":"https:\/\/www.radiointeractivo.com.mx\/index.php?rest_route=\/wp\/v2\/media\/7680"}],"wp:attachment":[{"href":"https:\/\/www.radiointeractivo.com.mx\/index.php?rest_route=%2Fwp%2Fv2%2Fmedia&parent=7678"}],"wp:term":[{"taxonomy":"category","embeddable":true,"href":"https:\/\/www.radiointeractivo.com.mx\/index.php?rest_route=%2Fwp%2Fv2%2Fcategories&post=7678"},{"taxonomy":"post_tag","embeddable":true,"href":"https:\/\/www.radiointeractivo.com.mx\/index.php?rest_route=%2Fwp%2Fv2%2Ftags&post=7678"}],"curies":[{"name":"wp","href":"https:\/\/api.w.org\/{rel}","templated":true}]}}