{"id":7644,"date":"2024-04-12T16:17:38","date_gmt":"2024-04-12T21:17:38","guid":{"rendered":"https:\/\/www.radiointeractivo.com.mx\/?p=7644"},"modified":"2024-04-12T16:17:40","modified_gmt":"2024-04-12T21:17:40","slug":"la-cultura-nos-une-en-paseo-reforma","status":"publish","type":"post","link":"https:\/\/www.radiointeractivo.com.mx\/?p=7644","title":{"rendered":"LA CULTURA NOS UNE EN PASEO REFORMA"},"content":{"rendered":"\n<figure class=\"wp-block-image size-large\"><img loading=\"lazy\" decoding=\"async\" width=\"1024\" height=\"682\" src=\"https:\/\/www.radiointeractivo.com.mx\/wp-content\/uploads\/2024\/04\/WhatsApp-Image-2024-04-12-at-2.40.40-PM-1-1024x682.jpeg\" alt=\"\" class=\"wp-image-7645\" srcset=\"https:\/\/www.radiointeractivo.com.mx\/wp-content\/uploads\/2024\/04\/WhatsApp-Image-2024-04-12-at-2.40.40-PM-1-1024x682.jpeg 1024w, https:\/\/www.radiointeractivo.com.mx\/wp-content\/uploads\/2024\/04\/WhatsApp-Image-2024-04-12-at-2.40.40-PM-1-300x200.jpeg 300w, https:\/\/www.radiointeractivo.com.mx\/wp-content\/uploads\/2024\/04\/WhatsApp-Image-2024-04-12-at-2.40.40-PM-1-768x512.jpeg 768w, https:\/\/www.radiointeractivo.com.mx\/wp-content\/uploads\/2024\/04\/WhatsApp-Image-2024-04-12-at-2.40.40-PM-1-1536x1023.jpeg 1536w, https:\/\/www.radiointeractivo.com.mx\/wp-content\/uploads\/2024\/04\/WhatsApp-Image-2024-04-12-at-2.40.40-PM-1-310x205.jpeg 310w, https:\/\/www.radiointeractivo.com.mx\/wp-content\/uploads\/2024\/04\/WhatsApp-Image-2024-04-12-at-2.40.40-PM-1.jpeg 1600w\" sizes=\"auto, (max-width: 1024px) 100vw, 1024px\" \/><\/figure>\n\n\n\n<p>Por: Staff | #NuevoLaredo #Tamaulipas<\/p>\n\n\n\n<p>Nuevo Laredo, Tamaulipas.- El programa \u201cLa Cultura Nos UNE\u201d se lleva a cabo todos los s\u00e1bados en Paseo Reforma.<\/p>\n\n\n\n<p>Las familias pueden disfrutar de este programa a partir de las 4:00 de la tarde, este 13 de abril participar\u00e1n las cantantes Sof\u00eda Rend\u00f3n, Lidia, Paola Barajas y Javier Rojo, adem\u00e1s la participaci\u00f3n de Danza Contempor\u00e1nea y folcl\u00f3rica de la Casa de la Cultura Viveros.<\/p>\n\n\n\n<p>Mientras que el 20 de abril ser\u00e1 la Feria del libro con participaci\u00f3n de Educal, cuenta cuentos y presentaci\u00f3n de K-Pop y acrodanza.<\/p>\n\n\n\n<p>Para el pr\u00f3ximo 27 de abril&nbsp; con motivo del D\u00eda del Ni\u00f1o estar\u00e1 el conjunto de guitarras del maestro Guillermo Ferman, grupo de danza del taller de folclor infantil de Guadalupe Montes Cardenet y exposici\u00f3n de pinturas de ni\u00f1os del taller de Jos\u00e9 Hern\u00e1ndez Tovar.<\/p>\n","protected":false},"excerpt":{"rendered":"<p>Por: Staff | #NuevoLaredo #Tamaulipas Nuevo Laredo, Tamaulipas.- El programa \u201cLa Cultura Nos UNE\u201d se lleva a cabo todos los s\u00e1bados en Paseo Reforma. Las familias pueden disfrutar de este programa a partir de las 4:00 de la tarde, este 13 de abril participar\u00e1n las cantantes Sof\u00eda Rend\u00f3n, Lidia, Paola Barajas y Javier Rojo, adem\u00e1s &hellip;<\/p>\n","protected":false},"author":1,"featured_media":7646,"comment_status":"open","ping_status":"open","sticky":false,"template":"","format":"standard","meta":{"footnotes":""},"categories":[38],"tags":[],"class_list":["post-7644","post","type-post","status-publish","format-standard","has-post-thumbnail","","category-nuevo-laredo"],"_links":{"self":[{"href":"https:\/\/www.radiointeractivo.com.mx\/index.php?rest_route=\/wp\/v2\/posts\/7644","targetHints":{"allow":["GET"]}}],"collection":[{"href":"https:\/\/www.radiointeractivo.com.mx\/index.php?rest_route=\/wp\/v2\/posts"}],"about":[{"href":"https:\/\/www.radiointeractivo.com.mx\/index.php?rest_route=\/wp\/v2\/types\/post"}],"author":[{"embeddable":true,"href":"https:\/\/www.radiointeractivo.com.mx\/index.php?rest_route=\/wp\/v2\/users\/1"}],"replies":[{"embeddable":true,"href":"https:\/\/www.radiointeractivo.com.mx\/index.php?rest_route=%2Fwp%2Fv2%2Fcomments&post=7644"}],"version-history":[{"count":1,"href":"https:\/\/www.radiointeractivo.com.mx\/index.php?rest_route=\/wp\/v2\/posts\/7644\/revisions"}],"predecessor-version":[{"id":7647,"href":"https:\/\/www.radiointeractivo.com.mx\/index.php?rest_route=\/wp\/v2\/posts\/7644\/revisions\/7647"}],"wp:featuredmedia":[{"embeddable":true,"href":"https:\/\/www.radiointeractivo.com.mx\/index.php?rest_route=\/wp\/v2\/media\/7646"}],"wp:attachment":[{"href":"https:\/\/www.radiointeractivo.com.mx\/index.php?rest_route=%2Fwp%2Fv2%2Fmedia&parent=7644"}],"wp:term":[{"taxonomy":"category","embeddable":true,"href":"https:\/\/www.radiointeractivo.com.mx\/index.php?rest_route=%2Fwp%2Fv2%2Fcategories&post=7644"},{"taxonomy":"post_tag","embeddable":true,"href":"https:\/\/www.radiointeractivo.com.mx\/index.php?rest_route=%2Fwp%2Fv2%2Ftags&post=7644"}],"curies":[{"name":"wp","href":"https:\/\/api.w.org\/{rel}","templated":true}]}}