{"id":7640,"date":"2024-04-12T16:09:09","date_gmt":"2024-04-12T21:09:09","guid":{"rendered":"https:\/\/www.radiointeractivo.com.mx\/?p=7640"},"modified":"2024-04-12T16:09:10","modified_gmt":"2024-04-12T21:09:10","slug":"invitan-a-tarde-social-zoologico-de-nuevo-laredo","status":"publish","type":"post","link":"https:\/\/www.radiointeractivo.com.mx\/?p=7640","title":{"rendered":"INVITAN A TARDE SOCIAL ZOOL\u00d3GICO DE NUEVO LAREDO"},"content":{"rendered":"\n<figure class=\"wp-block-image size-large\"><img loading=\"lazy\" decoding=\"async\" width=\"1024\" height=\"682\" src=\"https:\/\/www.radiointeractivo.com.mx\/wp-content\/uploads\/2024\/04\/WhatsApp-Image-2024-04-12-at-2.05.18-PM-1024x682.jpeg\" alt=\"\" class=\"wp-image-7641\" srcset=\"https:\/\/www.radiointeractivo.com.mx\/wp-content\/uploads\/2024\/04\/WhatsApp-Image-2024-04-12-at-2.05.18-PM-1024x682.jpeg 1024w, https:\/\/www.radiointeractivo.com.mx\/wp-content\/uploads\/2024\/04\/WhatsApp-Image-2024-04-12-at-2.05.18-PM-300x200.jpeg 300w, https:\/\/www.radiointeractivo.com.mx\/wp-content\/uploads\/2024\/04\/WhatsApp-Image-2024-04-12-at-2.05.18-PM-768x512.jpeg 768w, https:\/\/www.radiointeractivo.com.mx\/wp-content\/uploads\/2024\/04\/WhatsApp-Image-2024-04-12-at-2.05.18-PM-1536x1023.jpeg 1536w, https:\/\/www.radiointeractivo.com.mx\/wp-content\/uploads\/2024\/04\/WhatsApp-Image-2024-04-12-at-2.05.18-PM-310x205.jpeg 310w, https:\/\/www.radiointeractivo.com.mx\/wp-content\/uploads\/2024\/04\/WhatsApp-Image-2024-04-12-at-2.05.18-PM.jpeg 1600w\" sizes=\"auto, (max-width: 1024px) 100vw, 1024px\" \/><\/figure>\n\n\n\n<p>Por: Staff | #NuevoLaredo #Tamaulipas<\/p>\n\n\n\n<p>Nuevo Laredo, Tamaulipas.- Se llevar\u00e1 a cabo el programa Tarde Social y Cine UNE en el Zool\u00f3gico de la ciudad, ser\u00e1 este s\u00e1bado 13 de abril de 5:00 a 8:30 de la noche, habr\u00e1 diversas actividades y din\u00e1micas para los ni\u00f1os y ni\u00f1as de la ciudad.<\/p>\n\n\n\n<p>Se realizar\u00e1 entrega de palomitas, jugo y agua para que vean la pel\u00edcula que se proyectar\u00e1 en este caso \u201cGuardianes de la Galaxia 1\u201d, se proyectar\u00e1 de 5:00 a 8:30 de la noche la entrada ser\u00e1 gratuita.<\/p>\n\n\n\n<p>El objetivo de este evento es que la ni\u00f1ez tenga acceso a espacios de convivencia, participen en actividades recreativas que mejoran su calidad de vida y bienestar en las instalaciones del Zool\u00f3gico.<\/p>\n","protected":false},"excerpt":{"rendered":"<p>Por: Staff | #NuevoLaredo #Tamaulipas Nuevo Laredo, Tamaulipas.- Se llevar\u00e1 a cabo el programa Tarde Social y Cine UNE en el Zool\u00f3gico de la ciudad, ser\u00e1 este s\u00e1bado 13 de abril de 5:00 a 8:30 de la noche, habr\u00e1 diversas actividades y din\u00e1micas para los ni\u00f1os y ni\u00f1as de la ciudad. Se realizar\u00e1 entrega de &hellip;<\/p>\n","protected":false},"author":1,"featured_media":7642,"comment_status":"open","ping_status":"open","sticky":false,"template":"","format":"standard","meta":{"footnotes":""},"categories":[38],"tags":[],"class_list":["post-7640","post","type-post","status-publish","format-standard","has-post-thumbnail","","category-nuevo-laredo"],"_links":{"self":[{"href":"https:\/\/www.radiointeractivo.com.mx\/index.php?rest_route=\/wp\/v2\/posts\/7640","targetHints":{"allow":["GET"]}}],"collection":[{"href":"https:\/\/www.radiointeractivo.com.mx\/index.php?rest_route=\/wp\/v2\/posts"}],"about":[{"href":"https:\/\/www.radiointeractivo.com.mx\/index.php?rest_route=\/wp\/v2\/types\/post"}],"author":[{"embeddable":true,"href":"https:\/\/www.radiointeractivo.com.mx\/index.php?rest_route=\/wp\/v2\/users\/1"}],"replies":[{"embeddable":true,"href":"https:\/\/www.radiointeractivo.com.mx\/index.php?rest_route=%2Fwp%2Fv2%2Fcomments&post=7640"}],"version-history":[{"count":1,"href":"https:\/\/www.radiointeractivo.com.mx\/index.php?rest_route=\/wp\/v2\/posts\/7640\/revisions"}],"predecessor-version":[{"id":7643,"href":"https:\/\/www.radiointeractivo.com.mx\/index.php?rest_route=\/wp\/v2\/posts\/7640\/revisions\/7643"}],"wp:featuredmedia":[{"embeddable":true,"href":"https:\/\/www.radiointeractivo.com.mx\/index.php?rest_route=\/wp\/v2\/media\/7642"}],"wp:attachment":[{"href":"https:\/\/www.radiointeractivo.com.mx\/index.php?rest_route=%2Fwp%2Fv2%2Fmedia&parent=7640"}],"wp:term":[{"taxonomy":"category","embeddable":true,"href":"https:\/\/www.radiointeractivo.com.mx\/index.php?rest_route=%2Fwp%2Fv2%2Fcategories&post=7640"},{"taxonomy":"post_tag","embeddable":true,"href":"https:\/\/www.radiointeractivo.com.mx\/index.php?rest_route=%2Fwp%2Fv2%2Ftags&post=7640"}],"curies":[{"name":"wp","href":"https:\/\/api.w.org\/{rel}","templated":true}]}}