{"id":7616,"date":"2024-04-10T16:20:08","date_gmt":"2024-04-10T21:20:08","guid":{"rendered":"https:\/\/www.radiointeractivo.com.mx\/?p=7616"},"modified":"2024-04-10T16:20:09","modified_gmt":"2024-04-10T21:20:09","slug":"atienden-autoridades-afectaciones-por-lluvia","status":"publish","type":"post","link":"https:\/\/www.radiointeractivo.com.mx\/?p=7616","title":{"rendered":"Atienden autoridades afectaciones por lluvia."},"content":{"rendered":"\n<figure class=\"wp-block-image size-full\"><img loading=\"lazy\" decoding=\"async\" width=\"1013\" height=\"760\" src=\"https:\/\/www.radiointeractivo.com.mx\/wp-content\/uploads\/2024\/04\/WhatsApp-Image-2024-04-10-at-3.17.57-PM.jpeg\" alt=\"\" class=\"wp-image-7617\" srcset=\"https:\/\/www.radiointeractivo.com.mx\/wp-content\/uploads\/2024\/04\/WhatsApp-Image-2024-04-10-at-3.17.57-PM.jpeg 1013w, https:\/\/www.radiointeractivo.com.mx\/wp-content\/uploads\/2024\/04\/WhatsApp-Image-2024-04-10-at-3.17.57-PM-300x225.jpeg 300w, https:\/\/www.radiointeractivo.com.mx\/wp-content\/uploads\/2024\/04\/WhatsApp-Image-2024-04-10-at-3.17.57-PM-768x576.jpeg 768w\" sizes=\"auto, (max-width: 1013px) 100vw, 1013px\" \/><\/figure>\n\n\n\n<p>Por: Staff | #NuevoLaredo #Tamaulipas<\/p>\n\n\n\n<p>Nuevo Laredo, Tamaulipas.- La direcci\u00f3n de Protecci\u00f3n Civil y Bomberos, inform\u00f3 que no hubo afectaciones que lamentar por la lluvia y fuertes vientos que se presentaron durante la madrugada de este mi\u00e9rcoles, en 1:45 minutos cayeron 1.7 pulgadas de agua.<\/p>\n\n\n\n<p>Hubo cinco \u00e1rboles ca\u00eddos, no hubo encharcamientos; \u00e1rboles, ramas y lonas que cayeron en los tendidos el\u00e9ctricos que fueron lo que ocasionaron la falta de energ\u00eda el\u00e9ctrica.<\/p>\n\n\n\n<p>Por parte de la secretar\u00eda de Servicios P\u00fablicos Primarios junto a Protecci\u00f3n Civil y Obras P\u00fablicas se realizaron acciones de tala y retiro de \u00e1rboles ca\u00eddos, recolecci\u00f3n y retiro de hojas de palma, poda y retiro de ramas, se retir\u00f3 un aproximado de 4.5 toneladas de residuos vegetales.<\/p>\n\n\n\n<p>Se atendieron \u00e1reas como los parques Mendoza y Viveros; Aquiles Serd\u00e1n y Lincoln; Paseo Col\u00f3n y Reynosa; Pante\u00f3n Antiguo, entre otras, la poblaci\u00f3n puede realizar su petici\u00f3n en el 072 o en el portal 072.mx. Para reportar la falta de electricidad es directamente con CFE en el 071.<\/p>\n","protected":false},"excerpt":{"rendered":"<p>Por: Staff | #NuevoLaredo #Tamaulipas Nuevo Laredo, Tamaulipas.- La direcci\u00f3n de Protecci\u00f3n Civil y Bomberos, inform\u00f3 que no hubo afectaciones que lamentar por la lluvia y fuertes vientos que se presentaron durante la madrugada de este mi\u00e9rcoles, en 1:45 minutos cayeron 1.7 pulgadas de agua. Hubo cinco \u00e1rboles ca\u00eddos, no hubo encharcamientos; \u00e1rboles, ramas y &hellip;<\/p>\n","protected":false},"author":1,"featured_media":7618,"comment_status":"open","ping_status":"open","sticky":false,"template":"","format":"standard","meta":{"footnotes":""},"categories":[38],"tags":[],"class_list":["post-7616","post","type-post","status-publish","format-standard","has-post-thumbnail","","category-nuevo-laredo"],"_links":{"self":[{"href":"https:\/\/www.radiointeractivo.com.mx\/index.php?rest_route=\/wp\/v2\/posts\/7616","targetHints":{"allow":["GET"]}}],"collection":[{"href":"https:\/\/www.radiointeractivo.com.mx\/index.php?rest_route=\/wp\/v2\/posts"}],"about":[{"href":"https:\/\/www.radiointeractivo.com.mx\/index.php?rest_route=\/wp\/v2\/types\/post"}],"author":[{"embeddable":true,"href":"https:\/\/www.radiointeractivo.com.mx\/index.php?rest_route=\/wp\/v2\/users\/1"}],"replies":[{"embeddable":true,"href":"https:\/\/www.radiointeractivo.com.mx\/index.php?rest_route=%2Fwp%2Fv2%2Fcomments&post=7616"}],"version-history":[{"count":1,"href":"https:\/\/www.radiointeractivo.com.mx\/index.php?rest_route=\/wp\/v2\/posts\/7616\/revisions"}],"predecessor-version":[{"id":7619,"href":"https:\/\/www.radiointeractivo.com.mx\/index.php?rest_route=\/wp\/v2\/posts\/7616\/revisions\/7619"}],"wp:featuredmedia":[{"embeddable":true,"href":"https:\/\/www.radiointeractivo.com.mx\/index.php?rest_route=\/wp\/v2\/media\/7618"}],"wp:attachment":[{"href":"https:\/\/www.radiointeractivo.com.mx\/index.php?rest_route=%2Fwp%2Fv2%2Fmedia&parent=7616"}],"wp:term":[{"taxonomy":"category","embeddable":true,"href":"https:\/\/www.radiointeractivo.com.mx\/index.php?rest_route=%2Fwp%2Fv2%2Fcategories&post=7616"},{"taxonomy":"post_tag","embeddable":true,"href":"https:\/\/www.radiointeractivo.com.mx\/index.php?rest_route=%2Fwp%2Fv2%2Ftags&post=7616"}],"curies":[{"name":"wp","href":"https:\/\/api.w.org\/{rel}","templated":true}]}}