{"id":7552,"date":"2024-04-04T15:59:06","date_gmt":"2024-04-04T20:59:06","guid":{"rendered":"https:\/\/www.radiointeractivo.com.mx\/?p=7552"},"modified":"2024-04-04T15:59:07","modified_gmt":"2024-04-04T20:59:07","slug":"realizaran-feria-de-adopcion-canina-y-felina","status":"publish","type":"post","link":"https:\/\/www.radiointeractivo.com.mx\/?p=7552","title":{"rendered":"Realizaran feria de adopci\u00f3n canina y felina."},"content":{"rendered":"\n<figure class=\"wp-block-image size-large\"><img loading=\"lazy\" decoding=\"async\" width=\"1024\" height=\"682\" src=\"https:\/\/www.radiointeractivo.com.mx\/wp-content\/uploads\/2024\/04\/WhatsApp-Image-2024-04-04-at-1.43.40-PM-1-1024x682.jpeg\" alt=\"\" class=\"wp-image-7553\" srcset=\"https:\/\/www.radiointeractivo.com.mx\/wp-content\/uploads\/2024\/04\/WhatsApp-Image-2024-04-04-at-1.43.40-PM-1-1024x682.jpeg 1024w, https:\/\/www.radiointeractivo.com.mx\/wp-content\/uploads\/2024\/04\/WhatsApp-Image-2024-04-04-at-1.43.40-PM-1-300x200.jpeg 300w, https:\/\/www.radiointeractivo.com.mx\/wp-content\/uploads\/2024\/04\/WhatsApp-Image-2024-04-04-at-1.43.40-PM-1-768x512.jpeg 768w, https:\/\/www.radiointeractivo.com.mx\/wp-content\/uploads\/2024\/04\/WhatsApp-Image-2024-04-04-at-1.43.40-PM-1-1536x1023.jpeg 1536w, https:\/\/www.radiointeractivo.com.mx\/wp-content\/uploads\/2024\/04\/WhatsApp-Image-2024-04-04-at-1.43.40-PM-1-310x205.jpeg 310w, https:\/\/www.radiointeractivo.com.mx\/wp-content\/uploads\/2024\/04\/WhatsApp-Image-2024-04-04-at-1.43.40-PM-1.jpeg 1600w\" sizes=\"auto, (max-width: 1024px) 100vw, 1024px\" \/><\/figure>\n\n\n\n<p>Por: Staff | #NuevoLaredo #Tamaulipas<\/p>\n\n\n\n<p>Nuevo Laredo, Tamaulipas.- Este domingo 7 de abril se realizar\u00e1 una Feria de Adopci\u00f3n Canina y Felina, se llevar\u00e1 a cabo en la Plaza Zaragoza, ubicada frente a Catedral del Esp\u00edritu Santo.<\/p>\n\n\n\n<p>Dicho evento se realizar\u00e1 10:00 de la ma\u00f1ana a 5:00 de la tarde, son m\u00e1s de 25 animalitos que buscan un hogar, es una excelente oportunidad para encontrar el nuevo integrante de la familia.<\/p>\n\n\n\n<p>A los caninos y felinos se les aplic\u00f3 la vacuna antirr\u00e1bica, fueron desparasitados y esterilizados. Son perros y gatos que fueron rescatados del maltrato animal.<\/p>\n\n\n\n<p>Para adoptar se realiza una entrevista, adem\u00e1s de llevar una identificaci\u00f3n oficial, llenar un formato de adopci\u00f3n responsable y posterior a la adopci\u00f3n mandar fotograf\u00edas del canino o felino adoptado.<\/p>\n","protected":false},"excerpt":{"rendered":"<p>Por: Staff | #NuevoLaredo #Tamaulipas Nuevo Laredo, Tamaulipas.- Este domingo 7 de abril se realizar\u00e1 una Feria de Adopci\u00f3n Canina y Felina, se llevar\u00e1 a cabo en la Plaza Zaragoza, ubicada frente a Catedral del Esp\u00edritu Santo. Dicho evento se realizar\u00e1 10:00 de la ma\u00f1ana a 5:00 de la tarde, son m\u00e1s de 25 animalitos &hellip;<\/p>\n","protected":false},"author":1,"featured_media":7554,"comment_status":"open","ping_status":"open","sticky":false,"template":"","format":"standard","meta":{"footnotes":""},"categories":[38],"tags":[],"class_list":["post-7552","post","type-post","status-publish","format-standard","has-post-thumbnail","","category-nuevo-laredo"],"_links":{"self":[{"href":"https:\/\/www.radiointeractivo.com.mx\/index.php?rest_route=\/wp\/v2\/posts\/7552","targetHints":{"allow":["GET"]}}],"collection":[{"href":"https:\/\/www.radiointeractivo.com.mx\/index.php?rest_route=\/wp\/v2\/posts"}],"about":[{"href":"https:\/\/www.radiointeractivo.com.mx\/index.php?rest_route=\/wp\/v2\/types\/post"}],"author":[{"embeddable":true,"href":"https:\/\/www.radiointeractivo.com.mx\/index.php?rest_route=\/wp\/v2\/users\/1"}],"replies":[{"embeddable":true,"href":"https:\/\/www.radiointeractivo.com.mx\/index.php?rest_route=%2Fwp%2Fv2%2Fcomments&post=7552"}],"version-history":[{"count":1,"href":"https:\/\/www.radiointeractivo.com.mx\/index.php?rest_route=\/wp\/v2\/posts\/7552\/revisions"}],"predecessor-version":[{"id":7555,"href":"https:\/\/www.radiointeractivo.com.mx\/index.php?rest_route=\/wp\/v2\/posts\/7552\/revisions\/7555"}],"wp:featuredmedia":[{"embeddable":true,"href":"https:\/\/www.radiointeractivo.com.mx\/index.php?rest_route=\/wp\/v2\/media\/7554"}],"wp:attachment":[{"href":"https:\/\/www.radiointeractivo.com.mx\/index.php?rest_route=%2Fwp%2Fv2%2Fmedia&parent=7552"}],"wp:term":[{"taxonomy":"category","embeddable":true,"href":"https:\/\/www.radiointeractivo.com.mx\/index.php?rest_route=%2Fwp%2Fv2%2Fcategories&post=7552"},{"taxonomy":"post_tag","embeddable":true,"href":"https:\/\/www.radiointeractivo.com.mx\/index.php?rest_route=%2Fwp%2Fv2%2Ftags&post=7552"}],"curies":[{"name":"wp","href":"https:\/\/api.w.org\/{rel}","templated":true}]}}