{"id":7539,"date":"2024-04-04T11:27:24","date_gmt":"2024-04-04T16:27:24","guid":{"rendered":"https:\/\/www.radiointeractivo.com.mx\/?p=7539"},"modified":"2024-04-04T11:28:04","modified_gmt":"2024-04-04T16:28:04","slug":"rescatan-a-migrante-en-peligro-en-laredo-texas-fue-realizado-por-tripulacion-de-operaciones-aereas-y-maritimas","status":"publish","type":"post","link":"https:\/\/www.radiointeractivo.com.mx\/?p=7539","title":{"rendered":"Rescatan a migrante en peligro en Laredo Texas; fue realizado por Tripulaci\u00f3n de Operaciones A\u00e9reas y Mar\u00edtimas."},"content":{"rendered":"\n<figure class=\"wp-block-image size-large\"><img loading=\"lazy\" decoding=\"async\" width=\"1024\" height=\"683\" src=\"https:\/\/www.radiointeractivo.com.mx\/wp-content\/uploads\/2024\/04\/CBP-1-1-1024x683.jpeg\" alt=\"\" class=\"wp-image-7541\" srcset=\"https:\/\/www.radiointeractivo.com.mx\/wp-content\/uploads\/2024\/04\/CBP-1-1-1024x683.jpeg 1024w, https:\/\/www.radiointeractivo.com.mx\/wp-content\/uploads\/2024\/04\/CBP-1-1-300x200.jpeg 300w, https:\/\/www.radiointeractivo.com.mx\/wp-content\/uploads\/2024\/04\/CBP-1-1-768x512.jpeg 768w, https:\/\/www.radiointeractivo.com.mx\/wp-content\/uploads\/2024\/04\/CBP-1-1-1536x1024.jpeg 1536w, https:\/\/www.radiointeractivo.com.mx\/wp-content\/uploads\/2024\/04\/CBP-1-1-2048x1365.jpeg 2048w\" sizes=\"auto, (max-width: 1024px) 100vw, 1024px\" \/><\/figure>\n\n\n\n<p>Por: Staff | #LaredoTexas #Texas<\/p>\n\n\n\n<p>Laredo, Texas.- Agentes de Operaciones A\u00e9reas y Marinas de Aduanas y Protecci\u00f3n Fronteriza de EE. UU. rescataron a un migrante en peligro el 1 de abril de 2024, aproximadamente a 25 millas al noreste de Laredo, Texas.<\/p>\n\n\n\n<p>El lunes, una tripulaci\u00f3n a\u00e9rea AS-350 de Laredo Air Branch respondi\u00f3 a los informes del Despacho de la Patrulla Fronteriza del Sector Laredo de cuatro migrantes perdidos en el \u00e1rea que se\u00f1alaron que un migrante podr\u00eda necesitar una intervenci\u00f3n m\u00e9dica inmediata. La tripulaci\u00f3n registr\u00f3 la zona por v\u00eda a\u00e9rea y localiz\u00f3 al grupo. Uno de los migrantes parec\u00eda estar tirado en el suelo e inconsciente.<\/p>\n\n\n\n<p>La tripulaci\u00f3n aterriz\u00f3 y un agente de control de la aviaci\u00f3n (AEA), que tambi\u00e9n es un agente certificado por los servicios m\u00e9dicos de emergencia a\u00e9reos y mar\u00edtimos (AMEMS) , acudi\u00f3 al lugar. El agente de la AMO y los migrantes sacaron al hombre inconsciente de la espesa vegetaci\u00f3n y lo colocaron en una carretera cercana donde el agente continu\u00f3 evalu\u00e1ndolo.<\/p>\n\n\n\n<p>La AEA habl\u00f3 con los migrantes y supo que el hombre se hab\u00eda quedado sin agua. El grupo tambi\u00e9n bebi\u00f3 de estanques cercanos y tanques para ganado que pueden haber estado contaminados. Los migrantes dijeron que hab\u00edan comenzado a sentirse mal y el hombre en apuros perdi\u00f3 la coherencia y cay\u00f3 al suelo.<\/p>\n\n\n\n<p>El EMT de AMO determin\u00f3 que el paciente estaba gravemente deshidratado y sufr\u00eda de agotamiento por calor. Le aplic\u00f3 hielo en el cuello y las axilas y le administr\u00f3 l\u00edquidos. El hombre recuper\u00f3 el conocimiento y empez\u00f3 a dar signos de coherencia.<\/p>\n\n\n\n<p>&#8220;Nuestros agentes siguen listos para responder a situaciones como esta&#8221;, afirm\u00f3 Jonathan B. Taber, Director de Operaciones A\u00e9reas y Marinas, Laredo Air Branch. &#8220;La capacidad de nuestros agentes para pasar r\u00e1pidamente de una funci\u00f3n policial a realizar operaciones de rescate en las que puedan brindar ayuda m\u00e9dica inmediata es crucial para salvar vidas&#8221;.<\/p>\n\n\n\n<p>La AEA transfiri\u00f3 al paciente a un EMT de la Patrulla Fronteriza de EE. UU. que respondi\u00f3. El migrante se refresc\u00f3 en el veh\u00edculo con aire acondicionado y recibi\u00f3 atenci\u00f3n y evaluaci\u00f3n adicionales.<\/p>\n\n\n\n<p>En el a\u00f1o fiscal 2023, las acciones de aplicaci\u00f3n de la ley de la AMO resultaron en 1.004 arrestos y 89.909 aprehensiones de personas indocumentadas, as\u00ed como en la incautaci\u00f3n o interrupci\u00f3n de 256.883 libras de coca\u00edna, 2.049 libras de fentanilo, 4.050 libras de metanfetamina, 2.200 armas y 15,3 millones de d\u00f3lares.<\/p>\n","protected":false},"excerpt":{"rendered":"<p>Por: Staff | #LaredoTexas #Texas Laredo, Texas.- Agentes de Operaciones A\u00e9reas y Marinas de Aduanas y Protecci\u00f3n Fronteriza de EE. UU. rescataron a un migrante en peligro el 1 de abril de 2024, aproximadamente a 25 millas al noreste de Laredo, Texas. El lunes, una tripulaci\u00f3n a\u00e9rea AS-350 de Laredo Air Branch respondi\u00f3 a los &hellip;<\/p>\n","protected":false},"author":1,"featured_media":7540,"comment_status":"open","ping_status":"open","sticky":false,"template":"","format":"standard","meta":{"footnotes":""},"categories":[40],"tags":[],"class_list":["post-7539","post","type-post","status-publish","format-standard","has-post-thumbnail","","category-texas"],"_links":{"self":[{"href":"https:\/\/www.radiointeractivo.com.mx\/index.php?rest_route=\/wp\/v2\/posts\/7539","targetHints":{"allow":["GET"]}}],"collection":[{"href":"https:\/\/www.radiointeractivo.com.mx\/index.php?rest_route=\/wp\/v2\/posts"}],"about":[{"href":"https:\/\/www.radiointeractivo.com.mx\/index.php?rest_route=\/wp\/v2\/types\/post"}],"author":[{"embeddable":true,"href":"https:\/\/www.radiointeractivo.com.mx\/index.php?rest_route=\/wp\/v2\/users\/1"}],"replies":[{"embeddable":true,"href":"https:\/\/www.radiointeractivo.com.mx\/index.php?rest_route=%2Fwp%2Fv2%2Fcomments&post=7539"}],"version-history":[{"count":2,"href":"https:\/\/www.radiointeractivo.com.mx\/index.php?rest_route=\/wp\/v2\/posts\/7539\/revisions"}],"predecessor-version":[{"id":7543,"href":"https:\/\/www.radiointeractivo.com.mx\/index.php?rest_route=\/wp\/v2\/posts\/7539\/revisions\/7543"}],"wp:featuredmedia":[{"embeddable":true,"href":"https:\/\/www.radiointeractivo.com.mx\/index.php?rest_route=\/wp\/v2\/media\/7540"}],"wp:attachment":[{"href":"https:\/\/www.radiointeractivo.com.mx\/index.php?rest_route=%2Fwp%2Fv2%2Fmedia&parent=7539"}],"wp:term":[{"taxonomy":"category","embeddable":true,"href":"https:\/\/www.radiointeractivo.com.mx\/index.php?rest_route=%2Fwp%2Fv2%2Fcategories&post=7539"},{"taxonomy":"post_tag","embeddable":true,"href":"https:\/\/www.radiointeractivo.com.mx\/index.php?rest_route=%2Fwp%2Fv2%2Ftags&post=7539"}],"curies":[{"name":"wp","href":"https:\/\/api.w.org\/{rel}","templated":true}]}}