{"id":7535,"date":"2024-04-03T16:36:39","date_gmt":"2024-04-03T21:36:39","guid":{"rendered":"https:\/\/www.radiointeractivo.com.mx\/?p=7535"},"modified":"2024-04-03T16:36:41","modified_gmt":"2024-04-03T21:36:41","slug":"habra-jueves-y-viernes-de-danzon-en-la-plaza-simon-bolivar","status":"publish","type":"post","link":"https:\/\/www.radiointeractivo.com.mx\/?p=7535","title":{"rendered":"Habr\u00e1 jueves y viernes de Danz\u00f3n en la Plaza Sim\u00f3n Bol\u00edvar"},"content":{"rendered":"\n<figure class=\"wp-block-image size-large\"><img loading=\"lazy\" decoding=\"async\" width=\"1024\" height=\"682\" src=\"https:\/\/www.radiointeractivo.com.mx\/wp-content\/uploads\/2024\/04\/WhatsApp-Image-2024-04-03-at-2.37.54-PM-1-1024x682.jpeg\" alt=\"\" class=\"wp-image-7536\" srcset=\"https:\/\/www.radiointeractivo.com.mx\/wp-content\/uploads\/2024\/04\/WhatsApp-Image-2024-04-03-at-2.37.54-PM-1-1024x682.jpeg 1024w, https:\/\/www.radiointeractivo.com.mx\/wp-content\/uploads\/2024\/04\/WhatsApp-Image-2024-04-03-at-2.37.54-PM-1-300x200.jpeg 300w, https:\/\/www.radiointeractivo.com.mx\/wp-content\/uploads\/2024\/04\/WhatsApp-Image-2024-04-03-at-2.37.54-PM-1-768x512.jpeg 768w, https:\/\/www.radiointeractivo.com.mx\/wp-content\/uploads\/2024\/04\/WhatsApp-Image-2024-04-03-at-2.37.54-PM-1-1536x1023.jpeg 1536w, https:\/\/www.radiointeractivo.com.mx\/wp-content\/uploads\/2024\/04\/WhatsApp-Image-2024-04-03-at-2.37.54-PM-1-310x205.jpeg 310w, https:\/\/www.radiointeractivo.com.mx\/wp-content\/uploads\/2024\/04\/WhatsApp-Image-2024-04-03-at-2.37.54-PM-1.jpeg 1600w\" sizes=\"auto, (max-width: 1024px) 100vw, 1024px\" \/><\/figure>\n\n\n\n<p>Por: Staff | #NuevoLaredo #Tamaulipas<\/p>\n\n\n\n<p>Nuevo Laredo, Tamaulipas.- La poblaci\u00f3n podr\u00e1 disfrutar de los programas \u201cBaile y Danz\u00f3n en la Sim\u00f3n\u201d y \u201cViernes de Danz\u00f3n\u201d, son eventos gratuitos en los que la ciudadan\u00eda se puede reunir a disfrutar de este ritmo de baile.<\/p>\n\n\n\n<p>El jueves de 4 de abril es en la Plaza Sim\u00f3n Bol\u00edvar esta ocasi\u00f3n maestros de danza de las Casas de la Cultura realizar\u00e1n una presentaci\u00f3n, durante el evento del jueves tambi\u00e9n se presentar\u00e1 La Centenaria Banda de M\u00fasica Municipal.<\/p>\n\n\n\n<p>Mientras que el viernes 5 de abril se realizar\u00e1 en la Plaza Ju\u00e1rez \u201cViernes de Danz\u00f3n\u201d, se contar\u00e1 con la participaci\u00f3n del Grupo de Danza Folcl\u00f3rica del Tecnol\u00f3gico.<\/p>\n\n\n\n<p>Ambos eventos tienen un horario de 6:00 de la tarde a 8:00 de la noche, est\u00e1 dirigido para ni\u00f1os, j\u00f3venes y adultos. Son eventos en los que integra la familia y refuerza el tejido social.<\/p>\n","protected":false},"excerpt":{"rendered":"<p>Por: Staff | #NuevoLaredo #Tamaulipas Nuevo Laredo, Tamaulipas.- La poblaci\u00f3n podr\u00e1 disfrutar de los programas \u201cBaile y Danz\u00f3n en la Sim\u00f3n\u201d y \u201cViernes de Danz\u00f3n\u201d, son eventos gratuitos en los que la ciudadan\u00eda se puede reunir a disfrutar de este ritmo de baile. El jueves de 4 de abril es en la Plaza Sim\u00f3n Bol\u00edvar &hellip;<\/p>\n","protected":false},"author":1,"featured_media":7536,"comment_status":"open","ping_status":"open","sticky":false,"template":"","format":"standard","meta":{"footnotes":""},"categories":[38],"tags":[],"class_list":["post-7535","post","type-post","status-publish","format-standard","has-post-thumbnail","","category-nuevo-laredo"],"_links":{"self":[{"href":"https:\/\/www.radiointeractivo.com.mx\/index.php?rest_route=\/wp\/v2\/posts\/7535","targetHints":{"allow":["GET"]}}],"collection":[{"href":"https:\/\/www.radiointeractivo.com.mx\/index.php?rest_route=\/wp\/v2\/posts"}],"about":[{"href":"https:\/\/www.radiointeractivo.com.mx\/index.php?rest_route=\/wp\/v2\/types\/post"}],"author":[{"embeddable":true,"href":"https:\/\/www.radiointeractivo.com.mx\/index.php?rest_route=\/wp\/v2\/users\/1"}],"replies":[{"embeddable":true,"href":"https:\/\/www.radiointeractivo.com.mx\/index.php?rest_route=%2Fwp%2Fv2%2Fcomments&post=7535"}],"version-history":[{"count":1,"href":"https:\/\/www.radiointeractivo.com.mx\/index.php?rest_route=\/wp\/v2\/posts\/7535\/revisions"}],"predecessor-version":[{"id":7537,"href":"https:\/\/www.radiointeractivo.com.mx\/index.php?rest_route=\/wp\/v2\/posts\/7535\/revisions\/7537"}],"wp:featuredmedia":[{"embeddable":true,"href":"https:\/\/www.radiointeractivo.com.mx\/index.php?rest_route=\/wp\/v2\/media\/7536"}],"wp:attachment":[{"href":"https:\/\/www.radiointeractivo.com.mx\/index.php?rest_route=%2Fwp%2Fv2%2Fmedia&parent=7535"}],"wp:term":[{"taxonomy":"category","embeddable":true,"href":"https:\/\/www.radiointeractivo.com.mx\/index.php?rest_route=%2Fwp%2Fv2%2Fcategories&post=7535"},{"taxonomy":"post_tag","embeddable":true,"href":"https:\/\/www.radiointeractivo.com.mx\/index.php?rest_route=%2Fwp%2Fv2%2Ftags&post=7535"}],"curies":[{"name":"wp","href":"https:\/\/api.w.org\/{rel}","templated":true}]}}