{"id":7532,"date":"2024-04-03T16:17:08","date_gmt":"2024-04-03T21:17:08","guid":{"rendered":"https:\/\/www.radiointeractivo.com.mx\/?p=7532"},"modified":"2024-04-03T16:17:09","modified_gmt":"2024-04-03T21:17:09","slug":"realizan-recarpeteo-de-diversas-calle-y-avenidas-de-la-ciudad","status":"publish","type":"post","link":"https:\/\/www.radiointeractivo.com.mx\/?p=7532","title":{"rendered":"Realizan recarpeteo de diversas calle y avenidas de la ciudad"},"content":{"rendered":"\n<figure class=\"wp-block-image size-large\"><img loading=\"lazy\" decoding=\"async\" width=\"1024\" height=\"682\" src=\"https:\/\/www.radiointeractivo.com.mx\/wp-content\/uploads\/2024\/04\/WhatsApp-Image-2024-04-03-at-2.10.31-PM-1024x682.jpeg\" alt=\"\" class=\"wp-image-7533\" srcset=\"https:\/\/www.radiointeractivo.com.mx\/wp-content\/uploads\/2024\/04\/WhatsApp-Image-2024-04-03-at-2.10.31-PM-1024x682.jpeg 1024w, https:\/\/www.radiointeractivo.com.mx\/wp-content\/uploads\/2024\/04\/WhatsApp-Image-2024-04-03-at-2.10.31-PM-300x200.jpeg 300w, https:\/\/www.radiointeractivo.com.mx\/wp-content\/uploads\/2024\/04\/WhatsApp-Image-2024-04-03-at-2.10.31-PM-768x512.jpeg 768w, https:\/\/www.radiointeractivo.com.mx\/wp-content\/uploads\/2024\/04\/WhatsApp-Image-2024-04-03-at-2.10.31-PM-310x205.jpeg 310w, https:\/\/www.radiointeractivo.com.mx\/wp-content\/uploads\/2024\/04\/WhatsApp-Image-2024-04-03-at-2.10.31-PM.jpeg 1280w\" sizes=\"auto, (max-width: 1024px) 100vw, 1024px\" \/><\/figure>\n\n\n\n<p>Por: Staff | #NuevoLaredo #Tamaulipas<\/p>\n\n\n\n<p>Nuevo Laredo, Tamaulipas.- El gobierno de Nuevo Laredo a trav\u00e9s de la Secretaria de Obras P\u00fablicas, llevan un 80 por ciento de avance lleva el recarpeteo que se realiza desde Paseo Col\u00f3n a 15 de Septiembre.<\/p>\n\n\n\n<p>El gobierno municipal, destin\u00f3 una inversi\u00f3n de 5 millones 969 mil 428. 05 pesos.<\/p>\n\n\n\n<p>El recarpeteo es en R\u00edo Guayalejo entre Paseo Col\u00f3n y Belisario Dom\u00ednguez; R\u00edo Guayalejo entre Belisario Dom\u00ednguez y Calle Morelia; y Santos Degollado entre Calles Morelia a 15 de septiembre.<\/p>\n\n\n\n<p>Ser\u00e1 de gran beneficio para los ciudadanos que constantemente pasan por este lugar. actualmente se realiza la colocaci\u00f3n de se\u00f1alamiento y pintura, en pr\u00f3ximos d\u00edas la poblaci\u00f3n podr\u00e1 hacer uso de las calles reci\u00e9n repavimentadas.<\/p>\n","protected":false},"excerpt":{"rendered":"<p>Por: Staff | #NuevoLaredo #Tamaulipas Nuevo Laredo, Tamaulipas.- El gobierno de Nuevo Laredo a trav\u00e9s de la Secretaria de Obras P\u00fablicas, llevan un 80 por ciento de avance lleva el recarpeteo que se realiza desde Paseo Col\u00f3n a 15 de Septiembre. El gobierno municipal, destin\u00f3 una inversi\u00f3n de 5 millones 969 mil 428. 05 pesos. &hellip;<\/p>\n","protected":false},"author":1,"featured_media":7533,"comment_status":"open","ping_status":"open","sticky":false,"template":"","format":"standard","meta":{"footnotes":""},"categories":[38],"tags":[],"class_list":["post-7532","post","type-post","status-publish","format-standard","has-post-thumbnail","","category-nuevo-laredo"],"_links":{"self":[{"href":"https:\/\/www.radiointeractivo.com.mx\/index.php?rest_route=\/wp\/v2\/posts\/7532","targetHints":{"allow":["GET"]}}],"collection":[{"href":"https:\/\/www.radiointeractivo.com.mx\/index.php?rest_route=\/wp\/v2\/posts"}],"about":[{"href":"https:\/\/www.radiointeractivo.com.mx\/index.php?rest_route=\/wp\/v2\/types\/post"}],"author":[{"embeddable":true,"href":"https:\/\/www.radiointeractivo.com.mx\/index.php?rest_route=\/wp\/v2\/users\/1"}],"replies":[{"embeddable":true,"href":"https:\/\/www.radiointeractivo.com.mx\/index.php?rest_route=%2Fwp%2Fv2%2Fcomments&post=7532"}],"version-history":[{"count":1,"href":"https:\/\/www.radiointeractivo.com.mx\/index.php?rest_route=\/wp\/v2\/posts\/7532\/revisions"}],"predecessor-version":[{"id":7534,"href":"https:\/\/www.radiointeractivo.com.mx\/index.php?rest_route=\/wp\/v2\/posts\/7532\/revisions\/7534"}],"wp:featuredmedia":[{"embeddable":true,"href":"https:\/\/www.radiointeractivo.com.mx\/index.php?rest_route=\/wp\/v2\/media\/7533"}],"wp:attachment":[{"href":"https:\/\/www.radiointeractivo.com.mx\/index.php?rest_route=%2Fwp%2Fv2%2Fmedia&parent=7532"}],"wp:term":[{"taxonomy":"category","embeddable":true,"href":"https:\/\/www.radiointeractivo.com.mx\/index.php?rest_route=%2Fwp%2Fv2%2Fcategories&post=7532"},{"taxonomy":"post_tag","embeddable":true,"href":"https:\/\/www.radiointeractivo.com.mx\/index.php?rest_route=%2Fwp%2Fv2%2Ftags&post=7532"}],"curies":[{"name":"wp","href":"https:\/\/api.w.org\/{rel}","templated":true}]}}