{"id":7528,"date":"2024-04-02T16:16:05","date_gmt":"2024-04-02T21:16:05","guid":{"rendered":"https:\/\/www.radiointeractivo.com.mx\/?p=7528"},"modified":"2024-04-02T16:16:07","modified_gmt":"2024-04-02T21:16:07","slug":"impulsara-carlos-canturosas-propuestas-para-deteccion-temprana-del-espectro-autista","status":"publish","type":"post","link":"https:\/\/www.radiointeractivo.com.mx\/?p=7528","title":{"rendered":"IMPULSAR\u00c1 CARLOS CANTUROSAS PROPUESTAS PARA DETECCI\u00d3N TEMPRANA DEL ESPECTRO AUTISTA"},"content":{"rendered":"\n<figure class=\"wp-block-image size-large\"><img loading=\"lazy\" decoding=\"async\" width=\"1024\" height=\"682\" src=\"https:\/\/www.radiointeractivo.com.mx\/wp-content\/uploads\/2024\/04\/WhatsApp-Image-2024-04-02-at-4.07.27-PM-1024x682.jpeg\" alt=\"\" class=\"wp-image-7529\" srcset=\"https:\/\/www.radiointeractivo.com.mx\/wp-content\/uploads\/2024\/04\/WhatsApp-Image-2024-04-02-at-4.07.27-PM-1024x682.jpeg 1024w, https:\/\/www.radiointeractivo.com.mx\/wp-content\/uploads\/2024\/04\/WhatsApp-Image-2024-04-02-at-4.07.27-PM-300x200.jpeg 300w, https:\/\/www.radiointeractivo.com.mx\/wp-content\/uploads\/2024\/04\/WhatsApp-Image-2024-04-02-at-4.07.27-PM-768x512.jpeg 768w, https:\/\/www.radiointeractivo.com.mx\/wp-content\/uploads\/2024\/04\/WhatsApp-Image-2024-04-02-at-4.07.27-PM-310x205.jpeg 310w, https:\/\/www.radiointeractivo.com.mx\/wp-content\/uploads\/2024\/04\/WhatsApp-Image-2024-04-02-at-4.07.27-PM.jpeg 1280w\" sizes=\"auto, (max-width: 1024px) 100vw, 1024px\" \/><\/figure>\n\n\n\n<p>Por: Staff | #NuevoLaredo #Tamaulipas<\/p>\n\n\n\n<p>Dentro del marco conmemorativo del D\u00eda Internacional de Concienciaci\u00f3n sobre el Autismo, el candidato a diputado federal por la coalici\u00f3n \u201cSigamos Haciendo Historia\u201d, Carlos Canturosas Villarreal, asisti\u00f3 a un evento organizado por la asociaci\u00f3n CECIELI donde refrend\u00f3 su compromiso con las familias de impulsar iniciativas en favor de los ni\u00f1os y adultos con espectro autista.<\/p>\n\n\n\n<p>Durante la conmemoraci\u00f3n, diversos medios de comunicaci\u00f3n arribaron al abanderado de los partidos MORENA, PT y Verde Ecologista, ah\u00ed el candidato dio a conocer propuestas para quienes padezcan del espectro autista, se integren a la sociedad y tengan educaci\u00f3n de calidad.<\/p>\n\n\n\n<p>\u201cDesde el Congreso de la Uni\u00f3n legislar\u00e9 para que en las escuelas, desde el nivel preescolar, hayan m\u00e1s psic\u00f3logos y enfoquen su atenci\u00f3n para que detecten a temprana edad la presencia de esta condici\u00f3n y lleven el tratamiento adecuado para que no exista un rezago en su educaci\u00f3n y lleven una vida con igualdad de oportunidades\u201d, se\u00f1al\u00f3 Canturosas Villarreal.<\/p>\n\n\n\n<p>Por su parte, el director general de la asociaci\u00f3n CECIELI, Mota Cant\u00fa, explic\u00f3 que invitaron a Carlos Canturosas porque lo consideran una persona humanista, que da resultados y que los representar\u00e1 dignamente desde la C\u00e1mara de Diputados.<\/p>\n\n\n\n<p>\u201cSabemos que la voz de quienes luchamos por esta causa ser\u00e1 escuchada en el Congreso a trav\u00e9s de Canturosas Villarreal, sus propuestas mejorar\u00e1n las condiciones en las que se desarrollan los ni\u00f1os con espectro autista y es importante que personas como \u00e9l, comprometidas con la sociedad lleguen a esos cargos\u201d, destac\u00f3 Mota Cant\u00fa.<\/p>\n\n\n\n<p>Durante el evento, los padres de familia y quienes pertenecen a la asociaci\u00f3n, se mostraron simpatizantes del candidato Carlos Canturosas y le expresaron su firme respaldo hacia el proyecto que \u00e9l presenta para consolidar el segundo piso de la Cuarta Transformaci\u00f3n en Nuevo Laredo.<\/p>\n","protected":false},"excerpt":{"rendered":"<p>Por: Staff | #NuevoLaredo #Tamaulipas Dentro del marco conmemorativo del D\u00eda Internacional de Concienciaci\u00f3n sobre el Autismo, el candidato a diputado federal por la coalici\u00f3n \u201cSigamos Haciendo Historia\u201d, Carlos Canturosas Villarreal, asisti\u00f3 a un evento organizado por la asociaci\u00f3n CECIELI donde refrend\u00f3 su compromiso con las familias de impulsar iniciativas en favor de los ni\u00f1os &hellip;<\/p>\n","protected":false},"author":1,"featured_media":7530,"comment_status":"open","ping_status":"open","sticky":false,"template":"","format":"standard","meta":{"footnotes":""},"categories":[38],"tags":[],"class_list":["post-7528","post","type-post","status-publish","format-standard","has-post-thumbnail","","category-nuevo-laredo"],"_links":{"self":[{"href":"https:\/\/www.radiointeractivo.com.mx\/index.php?rest_route=\/wp\/v2\/posts\/7528","targetHints":{"allow":["GET"]}}],"collection":[{"href":"https:\/\/www.radiointeractivo.com.mx\/index.php?rest_route=\/wp\/v2\/posts"}],"about":[{"href":"https:\/\/www.radiointeractivo.com.mx\/index.php?rest_route=\/wp\/v2\/types\/post"}],"author":[{"embeddable":true,"href":"https:\/\/www.radiointeractivo.com.mx\/index.php?rest_route=\/wp\/v2\/users\/1"}],"replies":[{"embeddable":true,"href":"https:\/\/www.radiointeractivo.com.mx\/index.php?rest_route=%2Fwp%2Fv2%2Fcomments&post=7528"}],"version-history":[{"count":1,"href":"https:\/\/www.radiointeractivo.com.mx\/index.php?rest_route=\/wp\/v2\/posts\/7528\/revisions"}],"predecessor-version":[{"id":7531,"href":"https:\/\/www.radiointeractivo.com.mx\/index.php?rest_route=\/wp\/v2\/posts\/7528\/revisions\/7531"}],"wp:featuredmedia":[{"embeddable":true,"href":"https:\/\/www.radiointeractivo.com.mx\/index.php?rest_route=\/wp\/v2\/media\/7530"}],"wp:attachment":[{"href":"https:\/\/www.radiointeractivo.com.mx\/index.php?rest_route=%2Fwp%2Fv2%2Fmedia&parent=7528"}],"wp:term":[{"taxonomy":"category","embeddable":true,"href":"https:\/\/www.radiointeractivo.com.mx\/index.php?rest_route=%2Fwp%2Fv2%2Fcategories&post=7528"},{"taxonomy":"post_tag","embeddable":true,"href":"https:\/\/www.radiointeractivo.com.mx\/index.php?rest_route=%2Fwp%2Fv2%2Ftags&post=7528"}],"curies":[{"name":"wp","href":"https:\/\/api.w.org\/{rel}","templated":true}]}}