{"id":7511,"date":"2024-04-01T16:42:28","date_gmt":"2024-04-01T21:42:28","guid":{"rendered":"https:\/\/www.radiointeractivo.com.mx\/?p=7511"},"modified":"2024-04-01T16:42:29","modified_gmt":"2024-04-01T21:42:29","slug":"se-divierten-en-ciudadanos-en-parques-de-la-ciudad","status":"publish","type":"post","link":"https:\/\/www.radiointeractivo.com.mx\/?p=7511","title":{"rendered":"SE DIVIERTEN EN CIUDADANOS EN PARQUES DE LA CIUDAD"},"content":{"rendered":"\n<figure class=\"wp-block-image size-large\"><img loading=\"lazy\" decoding=\"async\" width=\"1024\" height=\"682\" src=\"https:\/\/www.radiointeractivo.com.mx\/wp-content\/uploads\/2024\/04\/WhatsApp-Image-2024-04-01-at-4.37.15-PM-1-1024x682.jpeg\" alt=\"\" class=\"wp-image-7512\" srcset=\"https:\/\/www.radiointeractivo.com.mx\/wp-content\/uploads\/2024\/04\/WhatsApp-Image-2024-04-01-at-4.37.15-PM-1-1024x682.jpeg 1024w, https:\/\/www.radiointeractivo.com.mx\/wp-content\/uploads\/2024\/04\/WhatsApp-Image-2024-04-01-at-4.37.15-PM-1-300x200.jpeg 300w, https:\/\/www.radiointeractivo.com.mx\/wp-content\/uploads\/2024\/04\/WhatsApp-Image-2024-04-01-at-4.37.15-PM-1-768x512.jpeg 768w, https:\/\/www.radiointeractivo.com.mx\/wp-content\/uploads\/2024\/04\/WhatsApp-Image-2024-04-01-at-4.37.15-PM-1-1536x1023.jpeg 1536w, https:\/\/www.radiointeractivo.com.mx\/wp-content\/uploads\/2024\/04\/WhatsApp-Image-2024-04-01-at-4.37.15-PM-1-310x205.jpeg 310w, https:\/\/www.radiointeractivo.com.mx\/wp-content\/uploads\/2024\/04\/WhatsApp-Image-2024-04-01-at-4.37.15-PM-1.jpeg 1600w\" sizes=\"auto, (max-width: 1024px) 100vw, 1024px\" \/><\/figure>\n\n\n\n<p>Por: Staff | #NuevoLaredo #Tamaulipas<\/p>\n\n\n\n<p>Nuevo Laredo, Tamaulipas.- Durante este domingo de Pascua la ciudadan\u00eda disfrut\u00f3 de los diferentes parques de la ciudad, el parque Viveros, el parque Narciso Mendoza, Pen\u00ednsula El Laguito, Palapas del CITEV y el Patinadero fueron los principales lugares que visit\u00f3 la poblaci\u00f3n.<\/p>\n\n\n\n<p>\u201cVemos el parque Mendoza muy mejorado con este gobierno, estamos muy agradecidos porque con otros gobiernos nos fue muy mal, tuvimos muchos trienios perdidos en la ciudad, ahora que lleg\u00f3 nuestra presidenta estamos muy a gusto con ella, queremos que siga el cambio, estaba todo abandonado, ahora que lleg\u00f3 ella nos rescat\u00f3\u201d dijo Edgar Cruz Espinoza.<\/p>\n\n\n\n<p>Los ciudadanos destacaron haber encontrado lugares de recreaci\u00f3n limpios y en condiciones adecuadas para disfrutar de ellos.<\/p>\n\n\n\n<p>\u201cEstamos aqu\u00ed divirti\u00e9ndonos, venimos de varias colonias de Las Torres, Pancho Villas, Los Fresnos, Cavazos, venimos a pasarla bonito, est\u00e1n padr\u00edsimas las instalaciones nuestra presidenta hizo un excelente trabajo muy bien que est\u00e1 el parque\u201d se\u00f1al\u00f3 Isabel Ugalde.<\/p>\n\n\n\n<p>Familias completas se dejaron ver disfrutando de las diferentes \u00e1reas de los reci\u00e9n rehabilitados parques Viveros, Mendoza y Pen\u00ednsula El Laguito.}<\/p>\n\n\n\n<p>\u201cVenimos todos en familia, y vemos a bastantes familias, el parque Viveros est\u00e1 muy bien, muy remodelado, lo veo m\u00e1s limpio, hay m\u00e1s vigilancia, m\u00e1s cuidado hay personal viendo que todo est\u00e9 muy limpio, est\u00e1 resplandeciente con tanta gente hermosa, el gobierno le ha puesto muchas ganas en beneficio de toda la poblaci\u00f3n\u201d manifest\u00f3 Angelina Arias.<\/p>\n\n\n\n<p>Los ni\u00f1os disfrutaron de los juegos que fueron colocados; as\u00ed como de las Plazas Pies Mojados, las canchas de f\u00fatbol entre otras \u00e1reas. La ciudadan\u00eda manifest\u00f3 su agradecimiento con las autoridades locales por brindar espacios de recreaci\u00f3n dignos.<\/p>\n\n\n\n<p>\u201cEstamos aqu\u00ed conviviendo, estoy viendo que renovaron todo, est\u00e1 m\u00e1s limpio, todo est\u00e1 muy bonito y los ba\u00f1os s\u00faper limpios, la fachada me gust\u00f3 mucho se ve que es algo nuevo, renovado, no lo de hace mucho tiempo del castillo, a mi si me gust\u00f3, muchas gracias presidenta, esperamos que as\u00ed sigan los cambios y que todo sea para mejorar siempre\u201d finaliz\u00f3 Yaritza P\u00e9rez Medrano.<\/p>\n","protected":false},"excerpt":{"rendered":"<p>Por: Staff | #NuevoLaredo #Tamaulipas Nuevo Laredo, Tamaulipas.- Durante este domingo de Pascua la ciudadan\u00eda disfrut\u00f3 de los diferentes parques de la ciudad, el parque Viveros, el parque Narciso Mendoza, Pen\u00ednsula El Laguito, Palapas del CITEV y el Patinadero fueron los principales lugares que visit\u00f3 la poblaci\u00f3n. \u201cVemos el parque Mendoza muy mejorado con este &hellip;<\/p>\n","protected":false},"author":1,"featured_media":7513,"comment_status":"open","ping_status":"open","sticky":false,"template":"","format":"standard","meta":{"footnotes":""},"categories":[38],"tags":[],"class_list":["post-7511","post","type-post","status-publish","format-standard","has-post-thumbnail","","category-nuevo-laredo"],"_links":{"self":[{"href":"https:\/\/www.radiointeractivo.com.mx\/index.php?rest_route=\/wp\/v2\/posts\/7511","targetHints":{"allow":["GET"]}}],"collection":[{"href":"https:\/\/www.radiointeractivo.com.mx\/index.php?rest_route=\/wp\/v2\/posts"}],"about":[{"href":"https:\/\/www.radiointeractivo.com.mx\/index.php?rest_route=\/wp\/v2\/types\/post"}],"author":[{"embeddable":true,"href":"https:\/\/www.radiointeractivo.com.mx\/index.php?rest_route=\/wp\/v2\/users\/1"}],"replies":[{"embeddable":true,"href":"https:\/\/www.radiointeractivo.com.mx\/index.php?rest_route=%2Fwp%2Fv2%2Fcomments&post=7511"}],"version-history":[{"count":1,"href":"https:\/\/www.radiointeractivo.com.mx\/index.php?rest_route=\/wp\/v2\/posts\/7511\/revisions"}],"predecessor-version":[{"id":7514,"href":"https:\/\/www.radiointeractivo.com.mx\/index.php?rest_route=\/wp\/v2\/posts\/7511\/revisions\/7514"}],"wp:featuredmedia":[{"embeddable":true,"href":"https:\/\/www.radiointeractivo.com.mx\/index.php?rest_route=\/wp\/v2\/media\/7513"}],"wp:attachment":[{"href":"https:\/\/www.radiointeractivo.com.mx\/index.php?rest_route=%2Fwp%2Fv2%2Fmedia&parent=7511"}],"wp:term":[{"taxonomy":"category","embeddable":true,"href":"https:\/\/www.radiointeractivo.com.mx\/index.php?rest_route=%2Fwp%2Fv2%2Fcategories&post=7511"},{"taxonomy":"post_tag","embeddable":true,"href":"https:\/\/www.radiointeractivo.com.mx\/index.php?rest_route=%2Fwp%2Fv2%2Ftags&post=7511"}],"curies":[{"name":"wp","href":"https:\/\/api.w.org\/{rel}","templated":true}]}}