{"id":7457,"date":"2024-03-29T18:17:00","date_gmt":"2024-03-29T23:17:00","guid":{"rendered":"https:\/\/www.radiointeractivo.com.mx\/?p=7457"},"modified":"2024-03-29T18:17:01","modified_gmt":"2024-03-29T23:17:01","slug":"autoridades-realizaran-operativo-por-dia-de-pascua","status":"publish","type":"post","link":"https:\/\/www.radiointeractivo.com.mx\/?p=7457","title":{"rendered":"Autoridades realizar\u00e1n operativo por d\u00eda de Pascua"},"content":{"rendered":"\n<figure class=\"wp-block-image size-large\"><img loading=\"lazy\" decoding=\"async\" width=\"1024\" height=\"576\" src=\"https:\/\/www.radiointeractivo.com.mx\/wp-content\/uploads\/2024\/03\/WhatsApp-Image-2024-03-29-at-11.16.12-AM-1024x576.jpeg\" alt=\"\" class=\"wp-image-7458\" srcset=\"https:\/\/www.radiointeractivo.com.mx\/wp-content\/uploads\/2024\/03\/WhatsApp-Image-2024-03-29-at-11.16.12-AM-1024x576.jpeg 1024w, https:\/\/www.radiointeractivo.com.mx\/wp-content\/uploads\/2024\/03\/WhatsApp-Image-2024-03-29-at-11.16.12-AM-300x169.jpeg 300w, https:\/\/www.radiointeractivo.com.mx\/wp-content\/uploads\/2024\/03\/WhatsApp-Image-2024-03-29-at-11.16.12-AM-768x432.jpeg 768w, https:\/\/www.radiointeractivo.com.mx\/wp-content\/uploads\/2024\/03\/WhatsApp-Image-2024-03-29-at-11.16.12-AM.jpeg 1280w\" sizes=\"auto, (max-width: 1024px) 100vw, 1024px\" \/><\/figure>\n\n\n\n<p>Por: Staff | #NuevoLaredo #Tamaulipas<\/p>\n\n\n\n<p>Nuevo Laredo, Tamaulipas.- La Direcci\u00f3n de Protecci\u00f3n Civil y Bomberos, Guardia Municipal y Tr\u00e1nsito y Vialidad, se encuentran listos para reforzar acciones de vigilancia y atenci\u00f3n en favor de la poblaci\u00f3n durante festejos por Pascua.<\/p>\n\n\n\n<p>A partir del viernes la direcci\u00f3n de Tr\u00e1nsito y Vialidad estar\u00e1 instalado para auxiliar a la comunidad en las palapas del CITEV, bulevar Luis Donaldo Colosio, en los parques Viveros y Narciso Mendoza, en el Patinadero, as\u00ed como en el Parque Recreativo Pen\u00ednsula el Laguito.<\/p>\n\n\n\n<p>De igual manera la direcci\u00f3n de Protecci\u00f3n Civil contar\u00e1 con personal operativo, param\u00e9dicos, personal de infanter\u00eda, y equipo de rescate acu\u00e1tico. Adem\u00e1s, monitoreo carretero para dar atenci\u00f3n a las personas que salen de la ciudad y que as\u00ed lo soliciten.<\/p>\n\n\n\n<p>Estar\u00e1n trabajando personal de la Academia de Protecci\u00f3n Civil, Voluntarios, personal operativo, bomberos, rescate acu\u00e1tico, personal administrativo, de inspecciones y capacitaciones. Los n\u00fameros de tel\u00e9fono para cualquier emergencia son 867 712 3030, 867 712 2124 o al 867 712 8911.<\/p>\n","protected":false},"excerpt":{"rendered":"<p>Por: Staff | #NuevoLaredo #Tamaulipas Nuevo Laredo, Tamaulipas.- La Direcci\u00f3n de Protecci\u00f3n Civil y Bomberos, Guardia Municipal y Tr\u00e1nsito y Vialidad, se encuentran listos para reforzar acciones de vigilancia y atenci\u00f3n en favor de la poblaci\u00f3n durante festejos por Pascua. A partir del viernes la direcci\u00f3n de Tr\u00e1nsito y Vialidad estar\u00e1 instalado para auxiliar a &hellip;<\/p>\n","protected":false},"author":1,"featured_media":7459,"comment_status":"open","ping_status":"open","sticky":false,"template":"","format":"standard","meta":{"footnotes":""},"categories":[38],"tags":[],"class_list":["post-7457","post","type-post","status-publish","format-standard","has-post-thumbnail","","category-nuevo-laredo"],"_links":{"self":[{"href":"https:\/\/www.radiointeractivo.com.mx\/index.php?rest_route=\/wp\/v2\/posts\/7457","targetHints":{"allow":["GET"]}}],"collection":[{"href":"https:\/\/www.radiointeractivo.com.mx\/index.php?rest_route=\/wp\/v2\/posts"}],"about":[{"href":"https:\/\/www.radiointeractivo.com.mx\/index.php?rest_route=\/wp\/v2\/types\/post"}],"author":[{"embeddable":true,"href":"https:\/\/www.radiointeractivo.com.mx\/index.php?rest_route=\/wp\/v2\/users\/1"}],"replies":[{"embeddable":true,"href":"https:\/\/www.radiointeractivo.com.mx\/index.php?rest_route=%2Fwp%2Fv2%2Fcomments&post=7457"}],"version-history":[{"count":1,"href":"https:\/\/www.radiointeractivo.com.mx\/index.php?rest_route=\/wp\/v2\/posts\/7457\/revisions"}],"predecessor-version":[{"id":7460,"href":"https:\/\/www.radiointeractivo.com.mx\/index.php?rest_route=\/wp\/v2\/posts\/7457\/revisions\/7460"}],"wp:featuredmedia":[{"embeddable":true,"href":"https:\/\/www.radiointeractivo.com.mx\/index.php?rest_route=\/wp\/v2\/media\/7459"}],"wp:attachment":[{"href":"https:\/\/www.radiointeractivo.com.mx\/index.php?rest_route=%2Fwp%2Fv2%2Fmedia&parent=7457"}],"wp:term":[{"taxonomy":"category","embeddable":true,"href":"https:\/\/www.radiointeractivo.com.mx\/index.php?rest_route=%2Fwp%2Fv2%2Fcategories&post=7457"},{"taxonomy":"post_tag","embeddable":true,"href":"https:\/\/www.radiointeractivo.com.mx\/index.php?rest_route=%2Fwp%2Fv2%2Ftags&post=7457"}],"curies":[{"name":"wp","href":"https:\/\/api.w.org\/{rel}","templated":true}]}}