{"id":7445,"date":"2024-03-28T16:11:43","date_gmt":"2024-03-28T21:11:43","guid":{"rendered":"https:\/\/www.radiointeractivo.com.mx\/?p=7445"},"modified":"2024-03-28T16:11:45","modified_gmt":"2024-03-28T21:11:45","slug":"imjuve-realiza-urban-fest-asando-y-rockeando","status":"publish","type":"post","link":"https:\/\/www.radiointeractivo.com.mx\/?p=7445","title":{"rendered":"IMJUVE realiza \u201cUrban Fest, Asando y Rockeando\u201d"},"content":{"rendered":"\n<figure class=\"wp-block-image size-large\"><img loading=\"lazy\" decoding=\"async\" width=\"1024\" height=\"768\" src=\"https:\/\/www.radiointeractivo.com.mx\/wp-content\/uploads\/2024\/03\/WhatsApp-Image-2024-03-28-at-4.05.18-PM-1024x768.jpeg\" alt=\"\" class=\"wp-image-7446\" srcset=\"https:\/\/www.radiointeractivo.com.mx\/wp-content\/uploads\/2024\/03\/WhatsApp-Image-2024-03-28-at-4.05.18-PM-1024x768.jpeg 1024w, https:\/\/www.radiointeractivo.com.mx\/wp-content\/uploads\/2024\/03\/WhatsApp-Image-2024-03-28-at-4.05.18-PM-300x225.jpeg 300w, https:\/\/www.radiointeractivo.com.mx\/wp-content\/uploads\/2024\/03\/WhatsApp-Image-2024-03-28-at-4.05.18-PM-768x576.jpeg 768w, https:\/\/www.radiointeractivo.com.mx\/wp-content\/uploads\/2024\/03\/WhatsApp-Image-2024-03-28-at-4.05.18-PM-1536x1152.jpeg 1536w, https:\/\/www.radiointeractivo.com.mx\/wp-content\/uploads\/2024\/03\/WhatsApp-Image-2024-03-28-at-4.05.18-PM.jpeg 1600w\" sizes=\"auto, (max-width: 1024px) 100vw, 1024px\" \/><\/figure>\n\n\n\n<p>Por: Staff | #NuevoLaredo #Tamaulipas<\/p>\n\n\n\n<p>Nuevo Laredo, Tamaulipas.- Con gran \u00e9xito se llev\u00f3 a cabo el evento \u201cUrban Fest, Asando y Rockeando\u201d, organizado por el Instituto Municipal para el Desarrollo de la Juventud (IMJUVE y el grupo de skaters \u201cLareroll\u201d.<\/p>\n\n\n\n<p>Hubo exhibici\u00f3n de skate por parte de \u201cLareroll\u201d, as\u00ed como de bicicletas lowrider del grupo de j\u00f3venes de \u201cBajitos Lowrider\u201d, adem\u00e1s exhibiciones de veh\u00edculos por parte del grupo \u201cExclusivos\u201d.<\/p>\n\n\n\n<p>&nbsp;El ambiente fue al ritmo de las bandas de rock integradas por j\u00f3venes de la ciudad, \u201cBlue Velvet Morning\u201d, \u201cVampirxs\u201d y el DJ \u201cRox Maul\u201d.<\/p>\n\n\n\n<p>A dicho evento acudieron m\u00e1s de 250 j\u00f3venes, los asistentes hicieron carne asada para pasar la tarde, este evento se realiz\u00f3 en el Parque Silao ubicado en la colonia Las Torres, emprendedores locales dieron a conocer sus productos y servicios en el \u201cBazar Joven\u201d.<\/p>\n\n\n\n<p>A trav\u00e9s de estos eventos se promueve la integraci\u00f3n de las juventudes y la sana convivencia.<\/p>\n","protected":false},"excerpt":{"rendered":"<p>Por: Staff | #NuevoLaredo #Tamaulipas Nuevo Laredo, Tamaulipas.- Con gran \u00e9xito se llev\u00f3 a cabo el evento \u201cUrban Fest, Asando y Rockeando\u201d, organizado por el Instituto Municipal para el Desarrollo de la Juventud (IMJUVE y el grupo de skaters \u201cLareroll\u201d. Hubo exhibici\u00f3n de skate por parte de \u201cLareroll\u201d, as\u00ed como de bicicletas lowrider del grupo &hellip;<\/p>\n","protected":false},"author":1,"featured_media":7447,"comment_status":"open","ping_status":"open","sticky":false,"template":"","format":"standard","meta":{"footnotes":""},"categories":[38],"tags":[],"class_list":["post-7445","post","type-post","status-publish","format-standard","has-post-thumbnail","","category-nuevo-laredo"],"_links":{"self":[{"href":"https:\/\/www.radiointeractivo.com.mx\/index.php?rest_route=\/wp\/v2\/posts\/7445","targetHints":{"allow":["GET"]}}],"collection":[{"href":"https:\/\/www.radiointeractivo.com.mx\/index.php?rest_route=\/wp\/v2\/posts"}],"about":[{"href":"https:\/\/www.radiointeractivo.com.mx\/index.php?rest_route=\/wp\/v2\/types\/post"}],"author":[{"embeddable":true,"href":"https:\/\/www.radiointeractivo.com.mx\/index.php?rest_route=\/wp\/v2\/users\/1"}],"replies":[{"embeddable":true,"href":"https:\/\/www.radiointeractivo.com.mx\/index.php?rest_route=%2Fwp%2Fv2%2Fcomments&post=7445"}],"version-history":[{"count":1,"href":"https:\/\/www.radiointeractivo.com.mx\/index.php?rest_route=\/wp\/v2\/posts\/7445\/revisions"}],"predecessor-version":[{"id":7448,"href":"https:\/\/www.radiointeractivo.com.mx\/index.php?rest_route=\/wp\/v2\/posts\/7445\/revisions\/7448"}],"wp:featuredmedia":[{"embeddable":true,"href":"https:\/\/www.radiointeractivo.com.mx\/index.php?rest_route=\/wp\/v2\/media\/7447"}],"wp:attachment":[{"href":"https:\/\/www.radiointeractivo.com.mx\/index.php?rest_route=%2Fwp%2Fv2%2Fmedia&parent=7445"}],"wp:term":[{"taxonomy":"category","embeddable":true,"href":"https:\/\/www.radiointeractivo.com.mx\/index.php?rest_route=%2Fwp%2Fv2%2Fcategories&post=7445"},{"taxonomy":"post_tag","embeddable":true,"href":"https:\/\/www.radiointeractivo.com.mx\/index.php?rest_route=%2Fwp%2Fv2%2Ftags&post=7445"}],"curies":[{"name":"wp","href":"https:\/\/api.w.org\/{rel}","templated":true}]}}