{"id":7421,"date":"2024-03-27T13:44:54","date_gmt":"2024-03-27T18:44:54","guid":{"rendered":"https:\/\/www.radiointeractivo.com.mx\/?p=7421"},"modified":"2024-03-27T13:44:55","modified_gmt":"2024-03-27T18:44:55","slug":"parques-de-nuevo-laredo-listos-para-festejo-de-pascua","status":"publish","type":"post","link":"https:\/\/www.radiointeractivo.com.mx\/?p=7421","title":{"rendered":"Parques de Nuevo Laredo listos para festejo de Pascua"},"content":{"rendered":"\n<figure class=\"wp-block-image size-large\"><img loading=\"lazy\" decoding=\"async\" width=\"1024\" height=\"682\" src=\"https:\/\/www.radiointeractivo.com.mx\/wp-content\/uploads\/2024\/03\/WhatsApp-Image-2024-03-27-at-12.27.51-PM-3-1024x682.jpeg\" alt=\"\" class=\"wp-image-7422\" srcset=\"https:\/\/www.radiointeractivo.com.mx\/wp-content\/uploads\/2024\/03\/WhatsApp-Image-2024-03-27-at-12.27.51-PM-3-1024x682.jpeg 1024w, https:\/\/www.radiointeractivo.com.mx\/wp-content\/uploads\/2024\/03\/WhatsApp-Image-2024-03-27-at-12.27.51-PM-3-300x200.jpeg 300w, https:\/\/www.radiointeractivo.com.mx\/wp-content\/uploads\/2024\/03\/WhatsApp-Image-2024-03-27-at-12.27.51-PM-3-768x512.jpeg 768w, https:\/\/www.radiointeractivo.com.mx\/wp-content\/uploads\/2024\/03\/WhatsApp-Image-2024-03-27-at-12.27.51-PM-3-310x205.jpeg 310w, https:\/\/www.radiointeractivo.com.mx\/wp-content\/uploads\/2024\/03\/WhatsApp-Image-2024-03-27-at-12.27.51-PM-3.jpeg 1280w\" sizes=\"auto, (max-width: 1024px) 100vw, 1024px\" \/><\/figure>\n\n\n\n<p>Por: Staff | #NuevoLaredo #Tamaulipas<\/p>\n\n\n\n<p>Nuevo Laredo, Tamaulipas.- Los parques recreativos de la ciudad, se encuentran listos para recibir a las familias durante Pascua.<\/p>\n\n\n\n<p>Se espera que los reci\u00e9n remodelados y modernizados Parque Viveros, Narciso Mendoza y el Parque Recreativo Pen\u00ednsula el Laguito luzcan llenos durante esta fecha. El Gobierno Municipal se ha encargado de brindar espacios de recreaci\u00f3n para los neolaredenses<\/p>\n\n\n\n<p>Tambi\u00e9n se han construido y remodelado parques y plazas en las diferentes colonias de la ciudad. Otros de los lugares que visitan los ciudadanos son El Patinadero, las palapas del CITEV entre otros<\/p>\n\n\n\n<p>A trav\u00e9s de la secretar\u00eda de Servicios P\u00fablicos Primarios se tienen en \u00f3ptimas condiciones para que los ciudadanos los disfruten y se diviertan de gran manera.<\/p>\n","protected":false},"excerpt":{"rendered":"<p>Por: Staff | #NuevoLaredo #Tamaulipas Nuevo Laredo, Tamaulipas.- Los parques recreativos de la ciudad, se encuentran listos para recibir a las familias durante Pascua. Se espera que los reci\u00e9n remodelados y modernizados Parque Viveros, Narciso Mendoza y el Parque Recreativo Pen\u00ednsula el Laguito luzcan llenos durante esta fecha. El Gobierno Municipal se ha encargado de &hellip;<\/p>\n","protected":false},"author":1,"featured_media":7423,"comment_status":"open","ping_status":"open","sticky":false,"template":"","format":"standard","meta":{"footnotes":""},"categories":[38],"tags":[],"class_list":["post-7421","post","type-post","status-publish","format-standard","has-post-thumbnail","","category-nuevo-laredo"],"_links":{"self":[{"href":"https:\/\/www.radiointeractivo.com.mx\/index.php?rest_route=\/wp\/v2\/posts\/7421","targetHints":{"allow":["GET"]}}],"collection":[{"href":"https:\/\/www.radiointeractivo.com.mx\/index.php?rest_route=\/wp\/v2\/posts"}],"about":[{"href":"https:\/\/www.radiointeractivo.com.mx\/index.php?rest_route=\/wp\/v2\/types\/post"}],"author":[{"embeddable":true,"href":"https:\/\/www.radiointeractivo.com.mx\/index.php?rest_route=\/wp\/v2\/users\/1"}],"replies":[{"embeddable":true,"href":"https:\/\/www.radiointeractivo.com.mx\/index.php?rest_route=%2Fwp%2Fv2%2Fcomments&post=7421"}],"version-history":[{"count":1,"href":"https:\/\/www.radiointeractivo.com.mx\/index.php?rest_route=\/wp\/v2\/posts\/7421\/revisions"}],"predecessor-version":[{"id":7424,"href":"https:\/\/www.radiointeractivo.com.mx\/index.php?rest_route=\/wp\/v2\/posts\/7421\/revisions\/7424"}],"wp:featuredmedia":[{"embeddable":true,"href":"https:\/\/www.radiointeractivo.com.mx\/index.php?rest_route=\/wp\/v2\/media\/7423"}],"wp:attachment":[{"href":"https:\/\/www.radiointeractivo.com.mx\/index.php?rest_route=%2Fwp%2Fv2%2Fmedia&parent=7421"}],"wp:term":[{"taxonomy":"category","embeddable":true,"href":"https:\/\/www.radiointeractivo.com.mx\/index.php?rest_route=%2Fwp%2Fv2%2Fcategories&post=7421"},{"taxonomy":"post_tag","embeddable":true,"href":"https:\/\/www.radiointeractivo.com.mx\/index.php?rest_route=%2Fwp%2Fv2%2Ftags&post=7421"}],"curies":[{"name":"wp","href":"https:\/\/api.w.org\/{rel}","templated":true}]}}