{"id":7327,"date":"2024-03-22T11:01:48","date_gmt":"2024-03-22T16:01:48","guid":{"rendered":"https:\/\/www.radiointeractivo.com.mx\/?p=7327"},"modified":"2024-03-22T11:01:49","modified_gmt":"2024-03-22T16:01:49","slug":"trabajara-comapa-en-horario-sabatino-el-23-de-marzo","status":"publish","type":"post","link":"https:\/\/www.radiointeractivo.com.mx\/?p=7327","title":{"rendered":"TRABAJAR\u00c1 COMAPA EN HORARIO SABATINO EL 23 DE MARZO"},"content":{"rendered":"\n<figure class=\"wp-block-image size-large\"><img loading=\"lazy\" decoding=\"async\" width=\"1024\" height=\"770\" src=\"https:\/\/www.radiointeractivo.com.mx\/wp-content\/uploads\/2024\/03\/WhatsApp-Image-2024-03-22-at-9.16.15-AM-1024x770.jpeg\" alt=\"\" class=\"wp-image-7332\" srcset=\"https:\/\/www.radiointeractivo.com.mx\/wp-content\/uploads\/2024\/03\/WhatsApp-Image-2024-03-22-at-9.16.15-AM-1024x770.jpeg 1024w, https:\/\/www.radiointeractivo.com.mx\/wp-content\/uploads\/2024\/03\/WhatsApp-Image-2024-03-22-at-9.16.15-AM-300x226.jpeg 300w, https:\/\/www.radiointeractivo.com.mx\/wp-content\/uploads\/2024\/03\/WhatsApp-Image-2024-03-22-at-9.16.15-AM-768x578.jpeg 768w, https:\/\/www.radiointeractivo.com.mx\/wp-content\/uploads\/2024\/03\/WhatsApp-Image-2024-03-22-at-9.16.15-AM.jpeg 1280w\" sizes=\"auto, (max-width: 1024px) 100vw, 1024px\" \/><\/figure>\n\n\n\n<p>Por: Staff | #NuevoLaredo #Tamaulipas<\/p>\n\n\n\n<p>Nuevo Laredo, Tamaulipas. &#8211; Cada \u00faltimo s\u00e1bado del mes, las oficinas de Planta Centro de COMAPA se abren al p\u00fablico para que puedan acudir las personas a las que se les dificulta realizar sus tr\u00e1mites en d\u00edas laborales.<\/p>\n\n\n\n<p>En un horario de 9:00 de la ma\u00f1ana a 1:00 de la tarde, el pr\u00f3ximo s\u00e1bado 23 de marzo se estar\u00e1 atendiendo en las oficinas de Planta Centro ubicadas en Victoria 4610. En este mes se adelant\u00f3 al pen\u00faltimo s\u00e1bado debido a las festividades de semana santa.<\/p>\n\n\n\n<p>Este horario especial puede ser aprovechado para cualquier tr\u00e1mite: pagos, convenios, contratos, cambios de nombre, bajas, solicitudes de medidor, factibilidades entre otros.<\/p>\n","protected":false},"excerpt":{"rendered":"<p>Por: Staff | #NuevoLaredo #Tamaulipas Nuevo Laredo, Tamaulipas. &#8211; Cada \u00faltimo s\u00e1bado del mes, las oficinas de Planta Centro de COMAPA se abren al p\u00fablico para que puedan acudir las personas a las que se les dificulta realizar sus tr\u00e1mites en d\u00edas laborales. En un horario de 9:00 de la ma\u00f1ana a 1:00 de la &hellip;<\/p>\n","protected":false},"author":1,"featured_media":7332,"comment_status":"open","ping_status":"open","sticky":false,"template":"","format":"standard","meta":{"footnotes":""},"categories":[38],"tags":[],"class_list":["post-7327","post","type-post","status-publish","format-standard","has-post-thumbnail","","category-nuevo-laredo"],"_links":{"self":[{"href":"https:\/\/www.radiointeractivo.com.mx\/index.php?rest_route=\/wp\/v2\/posts\/7327","targetHints":{"allow":["GET"]}}],"collection":[{"href":"https:\/\/www.radiointeractivo.com.mx\/index.php?rest_route=\/wp\/v2\/posts"}],"about":[{"href":"https:\/\/www.radiointeractivo.com.mx\/index.php?rest_route=\/wp\/v2\/types\/post"}],"author":[{"embeddable":true,"href":"https:\/\/www.radiointeractivo.com.mx\/index.php?rest_route=\/wp\/v2\/users\/1"}],"replies":[{"embeddable":true,"href":"https:\/\/www.radiointeractivo.com.mx\/index.php?rest_route=%2Fwp%2Fv2%2Fcomments&post=7327"}],"version-history":[{"count":1,"href":"https:\/\/www.radiointeractivo.com.mx\/index.php?rest_route=\/wp\/v2\/posts\/7327\/revisions"}],"predecessor-version":[{"id":7333,"href":"https:\/\/www.radiointeractivo.com.mx\/index.php?rest_route=\/wp\/v2\/posts\/7327\/revisions\/7333"}],"wp:featuredmedia":[{"embeddable":true,"href":"https:\/\/www.radiointeractivo.com.mx\/index.php?rest_route=\/wp\/v2\/media\/7332"}],"wp:attachment":[{"href":"https:\/\/www.radiointeractivo.com.mx\/index.php?rest_route=%2Fwp%2Fv2%2Fmedia&parent=7327"}],"wp:term":[{"taxonomy":"category","embeddable":true,"href":"https:\/\/www.radiointeractivo.com.mx\/index.php?rest_route=%2Fwp%2Fv2%2Fcategories&post=7327"},{"taxonomy":"post_tag","embeddable":true,"href":"https:\/\/www.radiointeractivo.com.mx\/index.php?rest_route=%2Fwp%2Fv2%2Ftags&post=7327"}],"curies":[{"name":"wp","href":"https:\/\/api.w.org\/{rel}","templated":true}]}}