{"id":730,"date":"2023-08-30T18:21:29","date_gmt":"2023-08-30T18:21:29","guid":{"rendered":"https:\/\/www.radiointeractivo.com.mx\/?p=730"},"modified":"2023-08-30T18:21:30","modified_gmt":"2023-08-30T18:21:30","slug":"asume-funciones-erika-zielke-como-consul-general-de-estados-unidos-en-nuevo-laredo","status":"publish","type":"post","link":"https:\/\/www.radiointeractivo.com.mx\/?p=730","title":{"rendered":"Asume funciones Erika Zielke como C\u00f3nsul General de Estados Unidos en Nuevo Laredo"},"content":{"rendered":"\n<p>Por: Staff | #NuevoLaredo #tamaulipas<\/p>\n\n\n\n<p>El Consulado General de los Estados Unidos en Nuevo Laredo tiene el honor de anunciar la llegada de nuestra nueva C\u00f3nsul General Erika Zielke.<\/p>\n\n\n\n<p>La nueva l\u00edder de esta casa diplom\u00e1tica, miembro de carrera del Servicio Exterior, asume el cargo el 28 de agosto del 2023. Anteriormente trabaj\u00f3 en oficinas diplom\u00e1ticas y consulares de los Estados Unidos en Pakist\u00e1n, Israel, Indonesia, y Afganist\u00e1n.<\/p>\n\n\n\n<p>Anteriormente ya hab\u00eda pertenecido a la secci\u00f3n consular de Nuevo<\/p>\n\n\n\n<p>Laredo, donde ahora tiene el placer de regresar como C\u00f3nsul General.<\/p>\n","protected":false},"excerpt":{"rendered":"<p>Por: Staff | #NuevoLaredo #tamaulipas El Consulado General de los Estados Unidos en Nuevo Laredo tiene el honor de anunciar la llegada de nuestra nueva C\u00f3nsul General Erika Zielke. La nueva l\u00edder de esta casa diplom\u00e1tica, miembro de carrera del Servicio Exterior, asume el cargo el 28 de agosto del 2023. Anteriormente trabaj\u00f3 en oficinas &hellip;<\/p>\n","protected":false},"author":1,"featured_media":731,"comment_status":"open","ping_status":"open","sticky":false,"template":"","format":"standard","meta":{"footnotes":""},"categories":[38,40],"tags":[],"class_list":["post-730","post","type-post","status-publish","format-standard","has-post-thumbnail","","category-nuevo-laredo","category-texas"],"_links":{"self":[{"href":"https:\/\/www.radiointeractivo.com.mx\/index.php?rest_route=\/wp\/v2\/posts\/730","targetHints":{"allow":["GET"]}}],"collection":[{"href":"https:\/\/www.radiointeractivo.com.mx\/index.php?rest_route=\/wp\/v2\/posts"}],"about":[{"href":"https:\/\/www.radiointeractivo.com.mx\/index.php?rest_route=\/wp\/v2\/types\/post"}],"author":[{"embeddable":true,"href":"https:\/\/www.radiointeractivo.com.mx\/index.php?rest_route=\/wp\/v2\/users\/1"}],"replies":[{"embeddable":true,"href":"https:\/\/www.radiointeractivo.com.mx\/index.php?rest_route=%2Fwp%2Fv2%2Fcomments&post=730"}],"version-history":[{"count":1,"href":"https:\/\/www.radiointeractivo.com.mx\/index.php?rest_route=\/wp\/v2\/posts\/730\/revisions"}],"predecessor-version":[{"id":732,"href":"https:\/\/www.radiointeractivo.com.mx\/index.php?rest_route=\/wp\/v2\/posts\/730\/revisions\/732"}],"wp:featuredmedia":[{"embeddable":true,"href":"https:\/\/www.radiointeractivo.com.mx\/index.php?rest_route=\/wp\/v2\/media\/731"}],"wp:attachment":[{"href":"https:\/\/www.radiointeractivo.com.mx\/index.php?rest_route=%2Fwp%2Fv2%2Fmedia&parent=730"}],"wp:term":[{"taxonomy":"category","embeddable":true,"href":"https:\/\/www.radiointeractivo.com.mx\/index.php?rest_route=%2Fwp%2Fv2%2Fcategories&post=730"},{"taxonomy":"post_tag","embeddable":true,"href":"https:\/\/www.radiointeractivo.com.mx\/index.php?rest_route=%2Fwp%2Fv2%2Ftags&post=730"}],"curies":[{"name":"wp","href":"https:\/\/api.w.org\/{rel}","templated":true}]}}