{"id":712,"date":"2023-08-30T00:12:35","date_gmt":"2023-08-30T00:12:35","guid":{"rendered":"https:\/\/www.radiointeractivo.com.mx\/?p=712"},"modified":"2023-08-30T00:12:36","modified_gmt":"2023-08-30T00:12:36","slug":"se-jugo-con-exito-segunda-jornada-de-la-copa-tamaulipas-internacional","status":"publish","type":"post","link":"https:\/\/www.radiointeractivo.com.mx\/?p=712","title":{"rendered":"Se jug\u00f3 con \u00e9xito segunda jornada de la \u201cCopa Tamaulipas Internacional&#8221;"},"content":{"rendered":"\n<p>Por: Jes\u00fas G. Z\u00fa\u00f1iga<\/p>\n\n\n\n<p>Ciudad Victoria, Tamaulipas.- Culmin\u00f3 la jornada n\u00famero dos de la \u201cCopa Tamaulipas Internacional\u201d en la categor\u00eda sub-13, en la cual se registraron interesantes partidos destacando los triunfos de equipos como Santos Laguna, Copa UAT Naranja y Tamaulipas \u2018B\u2019, entre otros.<\/p>\n\n\n\n<p>En las instalaciones de la Universidad La Salle Victoria, el equipo Santos Laguna derrot\u00f3 a Tamaulipas \u2018A\u2019, por marcador de 2-0, mientras que el equipo de la Copa UAT Naranja se impuso a los Tigres UANL por marcador de 3-0.<\/p>\n\n\n\n<p>En duelo entre equipos tamaulipecos en esta misma sede, Tamaulipas \u2018B\u2019 venci\u00f3 al selectivo de Copa UAT Blanco por 2-0.<\/p>\n\n\n\n<p>En la cancha del estadio \u2018Eugenio Alvizo Porras\u2019 de la UAT, el equipo de Necaxa derrot\u00f3 a Correcaminos 2-0, mientras que Chivas Fuerzas B\u00e1sicas venci\u00f3 2-1 al conjunto argentino Defensa y Justicia.<\/p>\n\n\n\n<p>El Instituto del Deporte inform\u00f3 que en la jornada que se jugar\u00e1 el mi\u00e9rcoles 30 se definir\u00e1n los equipos que avanzan a la ronda de los cuartos de final del torneo.<\/p>\n\n\n\n<p>Por la tarde entrar\u00e1n en actividad en diferentes canchas de esta capital, los equipos de la categor\u00eda sub-15, en busca de sumar puntos para acercarse a la clasificaci\u00f3n a la siguiente fase.<\/p>\n","protected":false},"excerpt":{"rendered":"<p>Por: Jes\u00fas G. Z\u00fa\u00f1iga Ciudad Victoria, Tamaulipas.- Culmin\u00f3 la jornada n\u00famero dos de la \u201cCopa Tamaulipas Internacional\u201d en la categor\u00eda sub-13, en la cual se registraron interesantes partidos destacando los triunfos de equipos como Santos Laguna, Copa UAT Naranja y Tamaulipas \u2018B\u2019, entre otros. En las instalaciones de la Universidad La Salle Victoria, el equipo &hellip;<\/p>\n","protected":false},"author":1,"featured_media":713,"comment_status":"open","ping_status":"open","sticky":false,"template":"","format":"standard","meta":{"footnotes":""},"categories":[39],"tags":[],"class_list":["post-712","post","type-post","status-publish","format-standard","has-post-thumbnail","","category-tamaulipas"],"_links":{"self":[{"href":"https:\/\/www.radiointeractivo.com.mx\/index.php?rest_route=\/wp\/v2\/posts\/712","targetHints":{"allow":["GET"]}}],"collection":[{"href":"https:\/\/www.radiointeractivo.com.mx\/index.php?rest_route=\/wp\/v2\/posts"}],"about":[{"href":"https:\/\/www.radiointeractivo.com.mx\/index.php?rest_route=\/wp\/v2\/types\/post"}],"author":[{"embeddable":true,"href":"https:\/\/www.radiointeractivo.com.mx\/index.php?rest_route=\/wp\/v2\/users\/1"}],"replies":[{"embeddable":true,"href":"https:\/\/www.radiointeractivo.com.mx\/index.php?rest_route=%2Fwp%2Fv2%2Fcomments&post=712"}],"version-history":[{"count":1,"href":"https:\/\/www.radiointeractivo.com.mx\/index.php?rest_route=\/wp\/v2\/posts\/712\/revisions"}],"predecessor-version":[{"id":714,"href":"https:\/\/www.radiointeractivo.com.mx\/index.php?rest_route=\/wp\/v2\/posts\/712\/revisions\/714"}],"wp:featuredmedia":[{"embeddable":true,"href":"https:\/\/www.radiointeractivo.com.mx\/index.php?rest_route=\/wp\/v2\/media\/713"}],"wp:attachment":[{"href":"https:\/\/www.radiointeractivo.com.mx\/index.php?rest_route=%2Fwp%2Fv2%2Fmedia&parent=712"}],"wp:term":[{"taxonomy":"category","embeddable":true,"href":"https:\/\/www.radiointeractivo.com.mx\/index.php?rest_route=%2Fwp%2Fv2%2Fcategories&post=712"},{"taxonomy":"post_tag","embeddable":true,"href":"https:\/\/www.radiointeractivo.com.mx\/index.php?rest_route=%2Fwp%2Fv2%2Ftags&post=712"}],"curies":[{"name":"wp","href":"https:\/\/api.w.org\/{rel}","templated":true}]}}