{"id":6915,"date":"2024-02-26T13:32:31","date_gmt":"2024-02-26T19:32:31","guid":{"rendered":"https:\/\/www.radiointeractivo.com.mx\/?p=6915"},"modified":"2024-02-26T13:32:34","modified_gmt":"2024-02-26T19:32:34","slug":"lista-adriana-lozano-para-comparecer-ante-el-congreso-de-tamaulipas","status":"publish","type":"post","link":"https:\/\/www.radiointeractivo.com.mx\/?p=6915","title":{"rendered":"Lista Adriana Lozano para comparecer ante el Congreso de Tamaulipas"},"content":{"rendered":"\n<figure class=\"wp-block-image size-large\"><img loading=\"lazy\" decoding=\"async\" width=\"1024\" height=\"726\" src=\"https:\/\/www.radiointeractivo.com.mx\/wp-content\/uploads\/2024\/02\/WhatsApp-Image-2024-02-26-at-11.38.10-AM-1024x726.jpeg\" alt=\"\" class=\"wp-image-6916\" srcset=\"https:\/\/www.radiointeractivo.com.mx\/wp-content\/uploads\/2024\/02\/WhatsApp-Image-2024-02-26-at-11.38.10-AM-1024x726.jpeg 1024w, https:\/\/www.radiointeractivo.com.mx\/wp-content\/uploads\/2024\/02\/WhatsApp-Image-2024-02-26-at-11.38.10-AM-300x213.jpeg 300w, https:\/\/www.radiointeractivo.com.mx\/wp-content\/uploads\/2024\/02\/WhatsApp-Image-2024-02-26-at-11.38.10-AM-768x545.jpeg 768w, https:\/\/www.radiointeractivo.com.mx\/wp-content\/uploads\/2024\/02\/WhatsApp-Image-2024-02-26-at-11.38.10-AM-1536x1090.jpeg 1536w, https:\/\/www.radiointeractivo.com.mx\/wp-content\/uploads\/2024\/02\/WhatsApp-Image-2024-02-26-at-11.38.10-AM.jpeg 1600w\" sizes=\"auto, (max-width: 1024px) 100vw, 1024px\" \/><\/figure>\n\n\n\n<p>Por: Agencias<\/p>\n\n\n\n<p>Ciudad Victoria, Tamaulipas.- La secretaria de Finanzas de Tamaulipas, Adriana Lozano Rodr\u00edguez comparecer\u00e1 ante las y los diputados locales el pr\u00f3ximo martes 27 de febrero a las 9:30 horas, para dar cuenta de las finanzas que guarda el Estado, lo anterior derivado de la glosa del segundo informe del gobernador Am\u00e9rico Villarreal Anaya.<\/p>\n\n\n\n<p>Con un estricto apego a la transparencia y rendici\u00f3n de cuentas, la tesorera estatal expondr\u00e1 ante las y los legisladores del honorable Congreso de Tamaulipas temas como recaudaci\u00f3n, gasto p\u00fablico, reestructuraci\u00f3n de deuda, entre otros.<\/p>\n\n\n\n<p>Dicha comparecencia se realizar\u00e1 en el pleno legislativo; incluir\u00e1 posicionamientos por los grupos parlamentarios, dos rondas posteriores de preguntas y respuestas hacia la compareciente, as\u00ed como la entrega de un informe por escrito a la Mesa Directiva de dicho \u00f3rgano. Este acto ser\u00e1 de libre acceso para los ciudadanos y transmitido a trav\u00e9s de las redes sociales oficiales del Congreso de Tamaulipas y de la Secretar\u00eda de Finanzas del Estado.<\/p>\n","protected":false},"excerpt":{"rendered":"<p>Por: Agencias Ciudad Victoria, Tamaulipas.- La secretaria de Finanzas de Tamaulipas, Adriana Lozano Rodr\u00edguez comparecer\u00e1 ante las y los diputados locales el pr\u00f3ximo martes 27 de febrero a las 9:30 horas, para dar cuenta de las finanzas que guarda el Estado, lo anterior derivado de la glosa del segundo informe del gobernador Am\u00e9rico Villarreal Anaya. &hellip;<\/p>\n","protected":false},"author":1,"featured_media":6916,"comment_status":"open","ping_status":"open","sticky":false,"template":"","format":"standard","meta":{"footnotes":""},"categories":[39],"tags":[],"class_list":["post-6915","post","type-post","status-publish","format-standard","has-post-thumbnail","","category-tamaulipas"],"_links":{"self":[{"href":"https:\/\/www.radiointeractivo.com.mx\/index.php?rest_route=\/wp\/v2\/posts\/6915","targetHints":{"allow":["GET"]}}],"collection":[{"href":"https:\/\/www.radiointeractivo.com.mx\/index.php?rest_route=\/wp\/v2\/posts"}],"about":[{"href":"https:\/\/www.radiointeractivo.com.mx\/index.php?rest_route=\/wp\/v2\/types\/post"}],"author":[{"embeddable":true,"href":"https:\/\/www.radiointeractivo.com.mx\/index.php?rest_route=\/wp\/v2\/users\/1"}],"replies":[{"embeddable":true,"href":"https:\/\/www.radiointeractivo.com.mx\/index.php?rest_route=%2Fwp%2Fv2%2Fcomments&post=6915"}],"version-history":[{"count":1,"href":"https:\/\/www.radiointeractivo.com.mx\/index.php?rest_route=\/wp\/v2\/posts\/6915\/revisions"}],"predecessor-version":[{"id":6917,"href":"https:\/\/www.radiointeractivo.com.mx\/index.php?rest_route=\/wp\/v2\/posts\/6915\/revisions\/6917"}],"wp:featuredmedia":[{"embeddable":true,"href":"https:\/\/www.radiointeractivo.com.mx\/index.php?rest_route=\/wp\/v2\/media\/6916"}],"wp:attachment":[{"href":"https:\/\/www.radiointeractivo.com.mx\/index.php?rest_route=%2Fwp%2Fv2%2Fmedia&parent=6915"}],"wp:term":[{"taxonomy":"category","embeddable":true,"href":"https:\/\/www.radiointeractivo.com.mx\/index.php?rest_route=%2Fwp%2Fv2%2Fcategories&post=6915"},{"taxonomy":"post_tag","embeddable":true,"href":"https:\/\/www.radiointeractivo.com.mx\/index.php?rest_route=%2Fwp%2Fv2%2Ftags&post=6915"}],"curies":[{"name":"wp","href":"https:\/\/api.w.org\/{rel}","templated":true}]}}