{"id":6715,"date":"2024-02-18T17:56:54","date_gmt":"2024-02-18T23:56:54","guid":{"rendered":"https:\/\/www.radiointeractivo.com.mx\/?p=6715"},"modified":"2024-02-18T17:56:55","modified_gmt":"2024-02-18T23:56:55","slug":"reconoce-lulac-a-americo-como-lider-binacional-2024","status":"publish","type":"post","link":"https:\/\/www.radiointeractivo.com.mx\/?p=6715","title":{"rendered":"Reconoce LULAC a Am\u00e9rico como L\u00edder Binacional 2024"},"content":{"rendered":"\n<figure class=\"wp-block-image size-large\"><img loading=\"lazy\" decoding=\"async\" width=\"1024\" height=\"682\" src=\"https:\/\/www.radiointeractivo.com.mx\/wp-content\/uploads\/2024\/02\/WhatsApp-Image-2024-02-18-at-12.27.52-PM-1024x682.jpeg\" alt=\"\" class=\"wp-image-6716\" srcset=\"https:\/\/www.radiointeractivo.com.mx\/wp-content\/uploads\/2024\/02\/WhatsApp-Image-2024-02-18-at-12.27.52-PM-1024x682.jpeg 1024w, https:\/\/www.radiointeractivo.com.mx\/wp-content\/uploads\/2024\/02\/WhatsApp-Image-2024-02-18-at-12.27.52-PM-300x200.jpeg 300w, https:\/\/www.radiointeractivo.com.mx\/wp-content\/uploads\/2024\/02\/WhatsApp-Image-2024-02-18-at-12.27.52-PM-768x512.jpeg 768w, https:\/\/www.radiointeractivo.com.mx\/wp-content\/uploads\/2024\/02\/WhatsApp-Image-2024-02-18-at-12.27.52-PM-310x205.jpeg 310w, https:\/\/www.radiointeractivo.com.mx\/wp-content\/uploads\/2024\/02\/WhatsApp-Image-2024-02-18-at-12.27.52-PM.jpeg 1280w\" sizes=\"auto, (max-width: 1024px) 100vw, 1024px\" \/><\/figure>\n\n\n\n<p>-La organizaci\u00f3n estadounidense destaca labor del gobernador de Tamaulipas, a favor de la comunidad binacional<\/p>\n\n\n\n<p>Por: Agencias<\/p>\n\n\n\n<p>Laredo, Texas.- El gobernador Am\u00e9rico Villarreal Anaya recibi\u00f3 el reconocimiento &#8220;L\u00edder Binacional 2024&#8221;, de parte de la League of United Latin American Citizens (LULAC), fundada en 1929 y considerada la organizaci\u00f3n hispana de derechos civiles m\u00e1s antigua y respetada de los Estados Unidos de Am\u00e9rica.<\/p>\n\n\n\n<p>Como parte de sus actividades en esta ciudad, el mandatario tamaulipeco, acompa\u00f1ado por la presidenta del DIF Estatal, doctora Mar\u00eda de Villarreal, asisti\u00f3 a la Gala de la Alianza Binacional en donde fue reconocido &#8220;como un l\u00edder binacional que ha demostrado su liderazgo y ha tenido un impacto significativo en la comunidad de ambas naciones a trav\u00e9s de su enfoque visionario, pensamiento estrat\u00e9gico y capacidad para inspirar a otros&#8221;.<\/p>\n\n\n\n<p>Despu\u00e9s de la presentaci\u00f3n de banderas y la interpretaci\u00f3n de los himnos nacionales de M\u00e9xico y Estados Unidos, el presidente de LULAC, Ra\u00fal Reyes y el empresario Eduardo Garza Robles, director ejecutivo y fundador de Uni-Trade Group, destacaron que Am\u00e9rico Villarreal es una persona que ha dedicado su tiempo y esfuerzos a servir a la comunidad binacional.<\/p>\n\n\n\n<p>&#8220;Lo m\u00e1s importante es que ha sido un firme defensor de los derechos y el bienestar de la comunidad binacional, trabajando incansablemente para promover la justicia social, la igualdad y la inclusi\u00f3n&#8221;.<\/p>\n\n\n\n<p>En la ceremonia tambi\u00e9n destac\u00f3 la presencia de Henry Cu\u00e9llar, congresista de los Estados Unidos; Richard Raymond, legislador del estado de Texas; V\u00edctor Trevi\u00f1o, alcalde de Laredo, Texas; la presidenta municipal de Nuevo Laredo, Carmen Lilia Canturosas; el rector de la Universidad Aut\u00f3noma de Tamaulipas, D\u00e1maso Anaya Alvarado y Ninfa Cant\u00fa D\u00e9andar, secretaria de Econom\u00eda de Tamaulipas.<\/p>\n","protected":false},"excerpt":{"rendered":"<p>-La organizaci\u00f3n estadounidense destaca labor del gobernador de Tamaulipas, a favor de la comunidad binacional Por: Agencias Laredo, Texas.- El gobernador Am\u00e9rico Villarreal Anaya recibi\u00f3 el reconocimiento &#8220;L\u00edder Binacional 2024&#8221;, de parte de la League of United Latin American Citizens (LULAC), fundada en 1929 y considerada la organizaci\u00f3n hispana de derechos civiles m\u00e1s antigua y &hellip;<\/p>\n","protected":false},"author":1,"featured_media":6716,"comment_status":"open","ping_status":"open","sticky":false,"template":"","format":"standard","meta":{"footnotes":""},"categories":[38,39,40],"tags":[],"class_list":["post-6715","post","type-post","status-publish","format-standard","has-post-thumbnail","","category-nuevo-laredo","category-tamaulipas","category-texas"],"_links":{"self":[{"href":"https:\/\/www.radiointeractivo.com.mx\/index.php?rest_route=\/wp\/v2\/posts\/6715","targetHints":{"allow":["GET"]}}],"collection":[{"href":"https:\/\/www.radiointeractivo.com.mx\/index.php?rest_route=\/wp\/v2\/posts"}],"about":[{"href":"https:\/\/www.radiointeractivo.com.mx\/index.php?rest_route=\/wp\/v2\/types\/post"}],"author":[{"embeddable":true,"href":"https:\/\/www.radiointeractivo.com.mx\/index.php?rest_route=\/wp\/v2\/users\/1"}],"replies":[{"embeddable":true,"href":"https:\/\/www.radiointeractivo.com.mx\/index.php?rest_route=%2Fwp%2Fv2%2Fcomments&post=6715"}],"version-history":[{"count":1,"href":"https:\/\/www.radiointeractivo.com.mx\/index.php?rest_route=\/wp\/v2\/posts\/6715\/revisions"}],"predecessor-version":[{"id":6717,"href":"https:\/\/www.radiointeractivo.com.mx\/index.php?rest_route=\/wp\/v2\/posts\/6715\/revisions\/6717"}],"wp:featuredmedia":[{"embeddable":true,"href":"https:\/\/www.radiointeractivo.com.mx\/index.php?rest_route=\/wp\/v2\/media\/6716"}],"wp:attachment":[{"href":"https:\/\/www.radiointeractivo.com.mx\/index.php?rest_route=%2Fwp%2Fv2%2Fmedia&parent=6715"}],"wp:term":[{"taxonomy":"category","embeddable":true,"href":"https:\/\/www.radiointeractivo.com.mx\/index.php?rest_route=%2Fwp%2Fv2%2Fcategories&post=6715"},{"taxonomy":"post_tag","embeddable":true,"href":"https:\/\/www.radiointeractivo.com.mx\/index.php?rest_route=%2Fwp%2Fv2%2Ftags&post=6715"}],"curies":[{"name":"wp","href":"https:\/\/api.w.org\/{rel}","templated":true}]}}