{"id":6711,"date":"2024-02-18T17:42:05","date_gmt":"2024-02-18T23:42:05","guid":{"rendered":"https:\/\/www.radiointeractivo.com.mx\/?p=6711"},"modified":"2024-02-18T17:42:12","modified_gmt":"2024-02-18T23:42:12","slug":"refrendan-lazos-de-hermandad-los-dos-laredos","status":"publish","type":"post","link":"https:\/\/www.radiointeractivo.com.mx\/?p=6711","title":{"rendered":"Refrendan lazos de hermandad los dos Laredos"},"content":{"rendered":"\n<figure class=\"wp-block-image size-large\"><img loading=\"lazy\" decoding=\"async\" width=\"1024\" height=\"682\" src=\"https:\/\/www.radiointeractivo.com.mx\/wp-content\/uploads\/2024\/02\/WhatsApp-Image-2024-02-17-at-6.40.14-PM-1024x682.jpeg\" alt=\"\" class=\"wp-image-6713\" srcset=\"https:\/\/www.radiointeractivo.com.mx\/wp-content\/uploads\/2024\/02\/WhatsApp-Image-2024-02-17-at-6.40.14-PM-1024x682.jpeg 1024w, https:\/\/www.radiointeractivo.com.mx\/wp-content\/uploads\/2024\/02\/WhatsApp-Image-2024-02-17-at-6.40.14-PM-300x200.jpeg 300w, https:\/\/www.radiointeractivo.com.mx\/wp-content\/uploads\/2024\/02\/WhatsApp-Image-2024-02-17-at-6.40.14-PM-768x512.jpeg 768w, https:\/\/www.radiointeractivo.com.mx\/wp-content\/uploads\/2024\/02\/WhatsApp-Image-2024-02-17-at-6.40.14-PM-310x205.jpeg 310w, https:\/\/www.radiointeractivo.com.mx\/wp-content\/uploads\/2024\/02\/WhatsApp-Image-2024-02-17-at-6.40.14-PM.jpeg 1280w\" sizes=\"auto, (max-width: 1024px) 100vw, 1024px\" \/><\/figure>\n\n\n\n<p>-Gobernador Am\u00e9rico Villarreal y congresista Henry Cu\u00e9llar presiden la tradicional Ceremonia del Abrazo 2024<\/p>\n\n\n\n<p>Por: Agencias<\/p>\n\n\n\n<p>Nuevo Laredo, Tamaulipas. &#8211; El gobernador Am\u00e9rico Villarreal Anaya, acompa\u00f1ado por la presidenta del DIF Tamaulipas, Mar\u00eda de Villarreal y el congresista de los Estados Unidos Henry Cu\u00e9llar, encabezaron este s\u00e1bado la Ceremonia del Abrazo 2024, que refrenda la hermandad y la unidad entre las ciudades de Nuevo Laredo, Tamaulipas y Laredo, Texas.<\/p>\n\n\n\n<p>En la ceremonia celebrada a mitad del puente internacional II Ju\u00e1rez-Lincoln, el mandatario tamaulipeco quien este a\u00f1o fue designado por la ciudad de Laredo, Texas, como Se\u00f1or Internacional 2024, se estrech\u00f3 en un abrazo e intercambi\u00f3 banderas con el congresista Henry Cu\u00e9llar.<\/p>\n\n\n\n<p>Correspondi\u00f3 al juez del Condado de Webb, Tano E. Tijerina, ser orador oficial del evento y en su mensaje invit\u00f3 a continuar forjando un camino de unidad, de solidaridad, con una visi\u00f3n conjunta entre ambas ciudades.<\/p>\n\n\n\n<p>&#8220;La ceremonia del abrazo es un evento simb\u00f3lico y profundo que resume la esencia de la unidad, el progreso y la transformaci\u00f3n de nuestra comunidad binacional&#8221;, expres\u00f3 Tijerina.<\/p>\n\n\n\n<p>&#8220;Hoy les invito a que continuemos forjando un camino hacia un futuro que siga siendo brillante, pr\u00f3spero y gratificante para todos, caminaremos este puente juntos, mano con mano y unidos, que este puente contin\u00fae siendo un testamento a la fuerza de estas grandes naciones y al poder duradero del amor\u201d, agreg\u00f3.<\/p>\n\n\n\n<p>Tras la entonaci\u00f3n de los himnos de ambas naciones, la ceremonia inici\u00f3 con la participaci\u00f3n de los ni\u00f1os Scarlett Emma Gonz\u00e1lez y Jackson A. Peregoy, en representaci\u00f3n de Estados Unidos y Estefan\u00eda Ram\u00edrez Richer y Jorge Eduardo Guti\u00e9rrez Gonz\u00e1lez, en representaci\u00f3n de M\u00e9xico.<\/p>\n\n\n\n<p>Posteriormente, la presidenta municipal de Nuevo Laredo, Carmen Lilia Canturosas Villarreal y su esposo Oscar Mario Hinojosa Ram\u00edrez saludaron al alcalde de Laredo, Dr. V\u00edctor Trevi\u00f1o y al juez Tano E. Villarreal.<\/p>\n\n\n\n<p>Por parte de la representaci\u00f3n de M\u00e9xico tambi\u00e9n tomaron parte: el rector de la Universidad Aut\u00f3noma de Tamaulipas, D\u00e1maso Anaya Alvarado; las diputadas Ana Laura Huerta y Gabriela Regalado; el c\u00f3nsul de M\u00e9xico en Laredo, Texas, Juan Carlos Mendoza S\u00e1nchez; el sacerdote Ferm\u00edn Cavazos Garza; el empresario Mario Palos Garza; el comandante de la Guarnici\u00f3n Militar, general DEM Jos\u00e9 Antonio Hern\u00e1ndez Mac\u00edas; el director de la Aduana, coronel Juan Edgardo Cedillo Gonz\u00e1lez y el delegado del Instituto Nacional de Migraci\u00f3n, Segismundo Dogu\u00edn Mart\u00ednez.<\/p>\n","protected":false},"excerpt":{"rendered":"<p>-Gobernador Am\u00e9rico Villarreal y congresista Henry Cu\u00e9llar presiden la tradicional Ceremonia del Abrazo 2024 Por: Agencias Nuevo Laredo, Tamaulipas. &#8211; El gobernador Am\u00e9rico Villarreal Anaya, acompa\u00f1ado por la presidenta del DIF Tamaulipas, Mar\u00eda de Villarreal y el congresista de los Estados Unidos Henry Cu\u00e9llar, encabezaron este s\u00e1bado la Ceremonia del Abrazo 2024, que refrenda la &hellip;<\/p>\n","protected":false},"author":1,"featured_media":6713,"comment_status":"open","ping_status":"open","sticky":false,"template":"","format":"standard","meta":{"footnotes":""},"categories":[39],"tags":[],"class_list":["post-6711","post","type-post","status-publish","format-standard","has-post-thumbnail","","category-tamaulipas"],"_links":{"self":[{"href":"https:\/\/www.radiointeractivo.com.mx\/index.php?rest_route=\/wp\/v2\/posts\/6711","targetHints":{"allow":["GET"]}}],"collection":[{"href":"https:\/\/www.radiointeractivo.com.mx\/index.php?rest_route=\/wp\/v2\/posts"}],"about":[{"href":"https:\/\/www.radiointeractivo.com.mx\/index.php?rest_route=\/wp\/v2\/types\/post"}],"author":[{"embeddable":true,"href":"https:\/\/www.radiointeractivo.com.mx\/index.php?rest_route=\/wp\/v2\/users\/1"}],"replies":[{"embeddable":true,"href":"https:\/\/www.radiointeractivo.com.mx\/index.php?rest_route=%2Fwp%2Fv2%2Fcomments&post=6711"}],"version-history":[{"count":1,"href":"https:\/\/www.radiointeractivo.com.mx\/index.php?rest_route=\/wp\/v2\/posts\/6711\/revisions"}],"predecessor-version":[{"id":6714,"href":"https:\/\/www.radiointeractivo.com.mx\/index.php?rest_route=\/wp\/v2\/posts\/6711\/revisions\/6714"}],"wp:featuredmedia":[{"embeddable":true,"href":"https:\/\/www.radiointeractivo.com.mx\/index.php?rest_route=\/wp\/v2\/media\/6713"}],"wp:attachment":[{"href":"https:\/\/www.radiointeractivo.com.mx\/index.php?rest_route=%2Fwp%2Fv2%2Fmedia&parent=6711"}],"wp:term":[{"taxonomy":"category","embeddable":true,"href":"https:\/\/www.radiointeractivo.com.mx\/index.php?rest_route=%2Fwp%2Fv2%2Fcategories&post=6711"},{"taxonomy":"post_tag","embeddable":true,"href":"https:\/\/www.radiointeractivo.com.mx\/index.php?rest_route=%2Fwp%2Fv2%2Ftags&post=6711"}],"curies":[{"name":"wp","href":"https:\/\/api.w.org\/{rel}","templated":true}]}}