{"id":6690,"date":"2024-02-16T16:34:27","date_gmt":"2024-02-16T22:34:27","guid":{"rendered":"https:\/\/www.radiointeractivo.com.mx\/?p=6690"},"modified":"2024-02-16T16:34:28","modified_gmt":"2024-02-16T22:34:28","slug":"resuelve-set-1197-casos-de-pagos-omitidos-desde-2019","status":"publish","type":"post","link":"https:\/\/www.radiointeractivo.com.mx\/?p=6690","title":{"rendered":"Resuelve SET 1,197 casos de pagos omitidos desde 2019"},"content":{"rendered":"\n<figure class=\"wp-block-image size-large\"><img loading=\"lazy\" decoding=\"async\" width=\"1024\" height=\"768\" src=\"https:\/\/www.radiointeractivo.com.mx\/wp-content\/uploads\/2024\/02\/WhatsApp-Image-2024-02-16-at-3.43.07-PM-1024x768.jpeg\" alt=\"\" class=\"wp-image-6691\" srcset=\"https:\/\/www.radiointeractivo.com.mx\/wp-content\/uploads\/2024\/02\/WhatsApp-Image-2024-02-16-at-3.43.07-PM-1024x768.jpeg 1024w, https:\/\/www.radiointeractivo.com.mx\/wp-content\/uploads\/2024\/02\/WhatsApp-Image-2024-02-16-at-3.43.07-PM-300x225.jpeg 300w, https:\/\/www.radiointeractivo.com.mx\/wp-content\/uploads\/2024\/02\/WhatsApp-Image-2024-02-16-at-3.43.07-PM-768x576.jpeg 768w, https:\/\/www.radiointeractivo.com.mx\/wp-content\/uploads\/2024\/02\/WhatsApp-Image-2024-02-16-at-3.43.07-PM-1536x1152.jpeg 1536w, https:\/\/www.radiointeractivo.com.mx\/wp-content\/uploads\/2024\/02\/WhatsApp-Image-2024-02-16-at-3.43.07-PM.jpeg 1600w\" sizes=\"auto, (max-width: 1024px) 100vw, 1024px\" \/><\/figure>\n\n\n\n<p>\u201cContinuamos dando cumplimiento a los acuerdos asumidos en la mesa SEP-SNTE-SET\u201d: Castillo Pastor<\/p>\n\n\n\n<p>Febrero 16 de 2024<\/p>\n\n\n\n<p>Ciudad Victoria, Tamaulipas. La Secretar\u00eda de Educaci\u00f3n de Tamaulipas en voz de su titular, Luc\u00eda Aim\u00e9 Castillo Pastor inform\u00f3 que gracias al compromiso y voluntad del gobernador de Tamaulipas, Am\u00e9rico Villarreal Anaya, y a las gestiones realizadas ante la Secretar\u00eda de Educaci\u00f3n P\u00fablica, se logr\u00f3 la autorizaci\u00f3n administrativa y la suficiencia presupuestal estatal para que a partir del 16 de febrero del presente a\u00f1o, se generen las n\u00f3minas extraordinarias para el pago de 1,197 casos de adeudos a trabajadores de la educaci\u00f3n, que podr\u00e1n ser consultados en el Sistema Integral de Informaci\u00f3n Educativa (SIIE).<\/p>\n\n\n\n<p>Con esta acci\u00f3n, inform\u00f3 Castillo Pastor, se contin\u00faa avanzando en la atenci\u00f3n al rezago de problem\u00e1ticas heredadas, as\u00ed como en la respuesta mediante el di\u00e1logo a los diversos planteamientos expuestos por la Secci\u00f3n 30 del Sindicato Nacional de Trabajadores de la Educaci\u00f3n.<\/p>\n\n\n\n<p>Inform\u00f3 adem\u00e1s que los pagos omitidos refieren situaciones acumuladas desde el a\u00f1o 2019, por lo que se requiri\u00f3 la autorizaci\u00f3n federal y la suficiencia presupuestal estatal para su cobertura, situaci\u00f3n que se ha logrado gracias a las gestiones, voluntad y buena relaci\u00f3n del gobernador con las autoridades federales.<\/p>\n","protected":false},"excerpt":{"rendered":"<p>\u201cContinuamos dando cumplimiento a los acuerdos asumidos en la mesa SEP-SNTE-SET\u201d: Castillo Pastor Febrero 16 de 2024 Ciudad Victoria, Tamaulipas. La Secretar\u00eda de Educaci\u00f3n de Tamaulipas en voz de su titular, Luc\u00eda Aim\u00e9 Castillo Pastor inform\u00f3 que gracias al compromiso y voluntad del gobernador de Tamaulipas, Am\u00e9rico Villarreal Anaya, y a las gestiones realizadas ante &hellip;<\/p>\n","protected":false},"author":1,"featured_media":6691,"comment_status":"open","ping_status":"open","sticky":false,"template":"","format":"standard","meta":{"footnotes":""},"categories":[39],"tags":[],"class_list":["post-6690","post","type-post","status-publish","format-standard","has-post-thumbnail","","category-tamaulipas"],"_links":{"self":[{"href":"https:\/\/www.radiointeractivo.com.mx\/index.php?rest_route=\/wp\/v2\/posts\/6690","targetHints":{"allow":["GET"]}}],"collection":[{"href":"https:\/\/www.radiointeractivo.com.mx\/index.php?rest_route=\/wp\/v2\/posts"}],"about":[{"href":"https:\/\/www.radiointeractivo.com.mx\/index.php?rest_route=\/wp\/v2\/types\/post"}],"author":[{"embeddable":true,"href":"https:\/\/www.radiointeractivo.com.mx\/index.php?rest_route=\/wp\/v2\/users\/1"}],"replies":[{"embeddable":true,"href":"https:\/\/www.radiointeractivo.com.mx\/index.php?rest_route=%2Fwp%2Fv2%2Fcomments&post=6690"}],"version-history":[{"count":1,"href":"https:\/\/www.radiointeractivo.com.mx\/index.php?rest_route=\/wp\/v2\/posts\/6690\/revisions"}],"predecessor-version":[{"id":6692,"href":"https:\/\/www.radiointeractivo.com.mx\/index.php?rest_route=\/wp\/v2\/posts\/6690\/revisions\/6692"}],"wp:featuredmedia":[{"embeddable":true,"href":"https:\/\/www.radiointeractivo.com.mx\/index.php?rest_route=\/wp\/v2\/media\/6691"}],"wp:attachment":[{"href":"https:\/\/www.radiointeractivo.com.mx\/index.php?rest_route=%2Fwp%2Fv2%2Fmedia&parent=6690"}],"wp:term":[{"taxonomy":"category","embeddable":true,"href":"https:\/\/www.radiointeractivo.com.mx\/index.php?rest_route=%2Fwp%2Fv2%2Fcategories&post=6690"},{"taxonomy":"post_tag","embeddable":true,"href":"https:\/\/www.radiointeractivo.com.mx\/index.php?rest_route=%2Fwp%2Fv2%2Ftags&post=6690"}],"curies":[{"name":"wp","href":"https:\/\/api.w.org\/{rel}","templated":true}]}}