{"id":6644,"date":"2024-02-15T14:00:52","date_gmt":"2024-02-15T20:00:52","guid":{"rendered":"https:\/\/www.radiointeractivo.com.mx\/?p=6644"},"modified":"2024-02-15T14:00:53","modified_gmt":"2024-02-15T20:00:53","slug":"todos-se-encuentra-listo-para-la-ceremonia-del-abrazo","status":"publish","type":"post","link":"https:\/\/www.radiointeractivo.com.mx\/?p=6644","title":{"rendered":"TODOS SE ENCUENTRA LISTO PARA LA CEREMONIA DEL ABRAZO"},"content":{"rendered":"\n<figure class=\"wp-block-image size-large\"><img loading=\"lazy\" decoding=\"async\" width=\"1024\" height=\"576\" src=\"https:\/\/www.radiointeractivo.com.mx\/wp-content\/uploads\/2024\/02\/WhatsApp-Image-2024-02-15-at-1.40.29-PM-1024x576.jpeg\" alt=\"\" class=\"wp-image-6645\" srcset=\"https:\/\/www.radiointeractivo.com.mx\/wp-content\/uploads\/2024\/02\/WhatsApp-Image-2024-02-15-at-1.40.29-PM-1024x576.jpeg 1024w, https:\/\/www.radiointeractivo.com.mx\/wp-content\/uploads\/2024\/02\/WhatsApp-Image-2024-02-15-at-1.40.29-PM-300x169.jpeg 300w, https:\/\/www.radiointeractivo.com.mx\/wp-content\/uploads\/2024\/02\/WhatsApp-Image-2024-02-15-at-1.40.29-PM-768x432.jpeg 768w, https:\/\/www.radiointeractivo.com.mx\/wp-content\/uploads\/2024\/02\/WhatsApp-Image-2024-02-15-at-1.40.29-PM.jpeg 1280w\" sizes=\"auto, (max-width: 1024px) 100vw, 1024px\" \/><\/figure>\n\n\n\n<p>Por: Staff | #NuevoLaredo #Tamaulipas<\/p>\n\n\n\n<p>Como es una tradici\u00f3n donde se refrendan los lazos hist\u00f3ricos de amistad, cooperaci\u00f3n y fraternidad, este s\u00e1bado 17 de febrero en punto de las 8:00 AM se realizar\u00e1 entre dignatarios mexicanos y de EU, la Ceremonia del Abrazo a mitad del Puente Ju\u00e1rez Lincoln.<\/p>\n\n\n\n<p>La alcaldesa Carmen Lilia Canturosas Villarreal, dio a conocer que para esta edici\u00f3n se espera la presencia del gobernador Am\u00e9rico Villarreal Anaya, quien recibir\u00e1 un reconocimiento por su impulso a esta frontera.<\/p>\n\n\n\n<p>Con motivo de estos festejos, Aduanas y Protecci\u00f3n Fronteriza (CBP) mantendr\u00e1 cerrado en ambos sentidos, el paso vehicular por el Puente II desde las 5:00 AM y hasta alrededor de las 9:00 AM.<\/p>\n","protected":false},"excerpt":{"rendered":"<p>Por: Staff | #NuevoLaredo #Tamaulipas Como es una tradici\u00f3n donde se refrendan los lazos hist\u00f3ricos de amistad, cooperaci\u00f3n y fraternidad, este s\u00e1bado 17 de febrero en punto de las 8:00 AM se realizar\u00e1 entre dignatarios mexicanos y de EU, la Ceremonia del Abrazo a mitad del Puente Ju\u00e1rez Lincoln. La alcaldesa Carmen Lilia Canturosas Villarreal, &hellip;<\/p>\n","protected":false},"author":1,"featured_media":6645,"comment_status":"open","ping_status":"open","sticky":false,"template":"","format":"standard","meta":{"footnotes":""},"categories":[38],"tags":[],"class_list":["post-6644","post","type-post","status-publish","format-standard","has-post-thumbnail","","category-nuevo-laredo"],"_links":{"self":[{"href":"https:\/\/www.radiointeractivo.com.mx\/index.php?rest_route=\/wp\/v2\/posts\/6644","targetHints":{"allow":["GET"]}}],"collection":[{"href":"https:\/\/www.radiointeractivo.com.mx\/index.php?rest_route=\/wp\/v2\/posts"}],"about":[{"href":"https:\/\/www.radiointeractivo.com.mx\/index.php?rest_route=\/wp\/v2\/types\/post"}],"author":[{"embeddable":true,"href":"https:\/\/www.radiointeractivo.com.mx\/index.php?rest_route=\/wp\/v2\/users\/1"}],"replies":[{"embeddable":true,"href":"https:\/\/www.radiointeractivo.com.mx\/index.php?rest_route=%2Fwp%2Fv2%2Fcomments&post=6644"}],"version-history":[{"count":1,"href":"https:\/\/www.radiointeractivo.com.mx\/index.php?rest_route=\/wp\/v2\/posts\/6644\/revisions"}],"predecessor-version":[{"id":6646,"href":"https:\/\/www.radiointeractivo.com.mx\/index.php?rest_route=\/wp\/v2\/posts\/6644\/revisions\/6646"}],"wp:featuredmedia":[{"embeddable":true,"href":"https:\/\/www.radiointeractivo.com.mx\/index.php?rest_route=\/wp\/v2\/media\/6645"}],"wp:attachment":[{"href":"https:\/\/www.radiointeractivo.com.mx\/index.php?rest_route=%2Fwp%2Fv2%2Fmedia&parent=6644"}],"wp:term":[{"taxonomy":"category","embeddable":true,"href":"https:\/\/www.radiointeractivo.com.mx\/index.php?rest_route=%2Fwp%2Fv2%2Fcategories&post=6644"},{"taxonomy":"post_tag","embeddable":true,"href":"https:\/\/www.radiointeractivo.com.mx\/index.php?rest_route=%2Fwp%2Fv2%2Ftags&post=6644"}],"curies":[{"name":"wp","href":"https:\/\/api.w.org\/{rel}","templated":true}]}}