{"id":6615,"date":"2024-02-14T16:53:02","date_gmt":"2024-02-14T22:53:02","guid":{"rendered":"https:\/\/www.radiointeractivo.com.mx\/?p=6615"},"modified":"2024-02-14T16:53:04","modified_gmt":"2024-02-14T22:53:04","slug":"cbp-detendra-temporalmente-el-trafico-vehicular-en-el-puente-juarez-lincoln","status":"publish","type":"post","link":"https:\/\/www.radiointeractivo.com.mx\/?p=6615","title":{"rendered":"CBP detendr\u00e1 temporalmente el tr\u00e1fico vehicular en el Puente Ju\u00e1rez-Lincoln"},"content":{"rendered":"\n<figure class=\"wp-block-image size-full\"><img loading=\"lazy\" decoding=\"async\" width=\"900\" height=\"506\" src=\"https:\/\/www.radiointeractivo.com.mx\/wp-content\/uploads\/2024\/02\/ceremonia-abrazo-2.jpg\" alt=\"\" class=\"wp-image-6616\" srcset=\"https:\/\/www.radiointeractivo.com.mx\/wp-content\/uploads\/2024\/02\/ceremonia-abrazo-2.jpg 900w, https:\/\/www.radiointeractivo.com.mx\/wp-content\/uploads\/2024\/02\/ceremonia-abrazo-2-300x169.jpg 300w, https:\/\/www.radiointeractivo.com.mx\/wp-content\/uploads\/2024\/02\/ceremonia-abrazo-2-768x432.jpg 768w\" sizes=\"auto, (max-width: 900px) 100vw, 900px\" \/><\/figure>\n\n\n\n<p>-La medida se debe para albergar la Ceremonia del Puente Internacional el 17 de febrero.<\/p>\n\n\n\n<p>Por: Fernanda Valtierra Hern\u00e1ndez<\/p>\n\n\n\n<p>Laredo, Texas.- La Oficina de Aduanas y Protecci\u00f3n Fronteriza de los EE. UU., Puerto de Entrada de Laredo, desea informar al p\u00fablico viajero sobre la suspensi\u00f3n temporal del tr\u00e1fico vehicular en el Puente Ju\u00e1rez-Lincoln la ma\u00f1ana del 17 de febrero para albergar la Ceremonia del Puente Internacional, conocida como la Ceremonia de Abrazo.<\/p>\n\n\n\n<p>&#8220;El Puente Ju\u00e1rez-Lincoln ser\u00e1 el anfitri\u00f3n de este evento tradicional de larga data que sirve como&#8221; ceremonia de bienvenida &#8220;entre funcionarios y dignatarios de M\u00e9xico y Estados Unidos, simbolizando la buena voluntad entre las naciones vecinas&#8221;, dijo el Director del Puerto, Alberto Flores, Puerto de Entrada de Laredo. \u201cInstamos encarecidamente al p\u00fablico viajero a que planifique con anticipaci\u00f3n y cruce m\u00e1s temprano o m\u00e1s tarde para evitar demoras innecesarias\u201d.<\/p>\n\n\n\n<p>El s\u00e1bado 17 de febrero, aproximadamente a las 5 am, CBP detendr\u00e1 temporalmente todo el tr\u00e1fico de veh\u00edculos y autobuses comerciales en direcci\u00f3n norte y sur en el Puente Ju\u00e1rez-Lincoln para permitir la construcci\u00f3n del escenario utilizado en la Ceremonia del Puente Internacional. Se espera que el tr\u00e1fico vehicular se reanude a las 9 am.<\/p>\n\n\n\n<p>CBP alienta al p\u00fablico viajero a hacer arreglos para cruzar antes de las 5 am si planean utilizar el Puente Ju\u00e1rez-Lincoln como ruta de viaje. Como paso fronterizo alternativo, el Puente Colombia-Solidaridad se abrir\u00e1 a las 6 am del s\u00e1bado 17 de febrero para dar cabida al p\u00fablico viajero. El Puente Portal a las Am\u00e9ricas permanecer\u00e1 abierto para los participantes de la Red Electr\u00f3nica Segura para Inspecci\u00f3n R\u00e1pida de Viajeros (SENTRI) y todo el tr\u00e1fico de peatones.<\/p>\n\n\n\n<p>CBP desea recordar al p\u00fablico viajero la importancia de obtener y utilizar sus documentos de viaje equipados con documentos de identificaci\u00f3n por radiofrecuencia (RFID) y tenerlos disponibles al ingresar a trav\u00e9s de los Ready Lanes designados.<\/p>\n\n\n\n<p>Los tiempos de espera en la frontera se pueden monitorear en https:\/\/bwt.cbp.gov\/index.html. La aplicaci\u00f3n BWT est\u00e1 disponible para tel\u00e9fonos inteligentes a trav\u00e9s de Apple App Store y Google Play.<\/p>\n","protected":false},"excerpt":{"rendered":"<p>-La medida se debe para albergar la Ceremonia del Puente Internacional el 17 de febrero. Por: Fernanda Valtierra Hern\u00e1ndez Laredo, Texas.- La Oficina de Aduanas y Protecci\u00f3n Fronteriza de los EE. UU., Puerto de Entrada de Laredo, desea informar al p\u00fablico viajero sobre la suspensi\u00f3n temporal del tr\u00e1fico vehicular en el Puente Ju\u00e1rez-Lincoln la ma\u00f1ana &hellip;<\/p>\n","protected":false},"author":1,"featured_media":6616,"comment_status":"open","ping_status":"open","sticky":false,"template":"","format":"standard","meta":{"footnotes":""},"categories":[40],"tags":[],"class_list":["post-6615","post","type-post","status-publish","format-standard","has-post-thumbnail","","category-texas"],"_links":{"self":[{"href":"https:\/\/www.radiointeractivo.com.mx\/index.php?rest_route=\/wp\/v2\/posts\/6615","targetHints":{"allow":["GET"]}}],"collection":[{"href":"https:\/\/www.radiointeractivo.com.mx\/index.php?rest_route=\/wp\/v2\/posts"}],"about":[{"href":"https:\/\/www.radiointeractivo.com.mx\/index.php?rest_route=\/wp\/v2\/types\/post"}],"author":[{"embeddable":true,"href":"https:\/\/www.radiointeractivo.com.mx\/index.php?rest_route=\/wp\/v2\/users\/1"}],"replies":[{"embeddable":true,"href":"https:\/\/www.radiointeractivo.com.mx\/index.php?rest_route=%2Fwp%2Fv2%2Fcomments&post=6615"}],"version-history":[{"count":1,"href":"https:\/\/www.radiointeractivo.com.mx\/index.php?rest_route=\/wp\/v2\/posts\/6615\/revisions"}],"predecessor-version":[{"id":6617,"href":"https:\/\/www.radiointeractivo.com.mx\/index.php?rest_route=\/wp\/v2\/posts\/6615\/revisions\/6617"}],"wp:featuredmedia":[{"embeddable":true,"href":"https:\/\/www.radiointeractivo.com.mx\/index.php?rest_route=\/wp\/v2\/media\/6616"}],"wp:attachment":[{"href":"https:\/\/www.radiointeractivo.com.mx\/index.php?rest_route=%2Fwp%2Fv2%2Fmedia&parent=6615"}],"wp:term":[{"taxonomy":"category","embeddable":true,"href":"https:\/\/www.radiointeractivo.com.mx\/index.php?rest_route=%2Fwp%2Fv2%2Fcategories&post=6615"},{"taxonomy":"post_tag","embeddable":true,"href":"https:\/\/www.radiointeractivo.com.mx\/index.php?rest_route=%2Fwp%2Fv2%2Ftags&post=6615"}],"curies":[{"name":"wp","href":"https:\/\/api.w.org\/{rel}","templated":true}]}}