{"id":6596,"date":"2024-02-14T15:49:00","date_gmt":"2024-02-14T21:49:00","guid":{"rendered":"https:\/\/www.radiointeractivo.com.mx\/?p=6596"},"modified":"2024-02-14T15:49:02","modified_gmt":"2024-02-14T21:49:02","slug":"tamaulipas-sede-del-primer-foro-regional-normalizacion-y-regulacion-en-mexico","status":"publish","type":"post","link":"https:\/\/www.radiointeractivo.com.mx\/?p=6596","title":{"rendered":"Tamaulipas sede del primer Foro Regional \u201cNormalizaci\u00f3n y Regulaci\u00f3n\u201d en M\u00e9xico"},"content":{"rendered":"\n<figure class=\"wp-block-image size-large\"><img loading=\"lazy\" decoding=\"async\" width=\"1024\" height=\"682\" src=\"https:\/\/www.radiointeractivo.com.mx\/wp-content\/uploads\/2024\/02\/WhatsApp-Image-2024-02-14-at-1.46.13-PM-1024x682.jpeg\" alt=\"\" class=\"wp-image-6597\" srcset=\"https:\/\/www.radiointeractivo.com.mx\/wp-content\/uploads\/2024\/02\/WhatsApp-Image-2024-02-14-at-1.46.13-PM-1024x682.jpeg 1024w, https:\/\/www.radiointeractivo.com.mx\/wp-content\/uploads\/2024\/02\/WhatsApp-Image-2024-02-14-at-1.46.13-PM-300x200.jpeg 300w, https:\/\/www.radiointeractivo.com.mx\/wp-content\/uploads\/2024\/02\/WhatsApp-Image-2024-02-14-at-1.46.13-PM-768x512.jpeg 768w, https:\/\/www.radiointeractivo.com.mx\/wp-content\/uploads\/2024\/02\/WhatsApp-Image-2024-02-14-at-1.46.13-PM-1536x1023.jpeg 1536w, https:\/\/www.radiointeractivo.com.mx\/wp-content\/uploads\/2024\/02\/WhatsApp-Image-2024-02-14-at-1.46.13-PM-310x205.jpeg 310w, https:\/\/www.radiointeractivo.com.mx\/wp-content\/uploads\/2024\/02\/WhatsApp-Image-2024-02-14-at-1.46.13-PM.jpeg 1600w\" sizes=\"auto, (max-width: 1024px) 100vw, 1024px\" \/><\/figure>\n\n\n\n<p>-Se llevar\u00e1 a cabo este pr\u00f3ximo viernes 16 de febrero en Tampico<\/p>\n\n\n\n<p>Por: Agencias<\/p>\n\n\n\n<p>La Secretar\u00eda de Desarrollo Energ\u00e9tico en coordinaci\u00f3n con la Comisi\u00f3n Reguladora de Energ\u00eda, llevar\u00e1 a cabo, el Foro Regional \u201cNormalizaci\u00f3n y Regulaci\u00f3n\u201d enfocado para capacitar en los tr\u00e1mites y regulaciones a los empresarios tamaulipecos.<\/p>\n\n\n\n<p>Siendo Tamaulipas sede del primer foro a nivel nacional, este contar\u00e1 con las participaciones de permisionarios y Agencias de Energ\u00eda de los Estados Nuevo Le\u00f3n, San Luis Potos\u00ed, Coahuila de Zaragoza y Zacatecas y por supuesto de Tamaulipas.<\/p>\n\n\n\n<p>El secretario de Desarrollo Energ\u00e9tico, Jos\u00e9 Ram\u00f3n Silva se\u00f1al\u00f3 que el foro se celebrar\u00e1 el d\u00eda viernes 16 de febrero en el Sal\u00f3n Chairel, en la Expo Tampico del puerto de Tampico.<\/p>\n\n\n\n<p>En el marco del evento, se firmar\u00e1 un convenio de colaboraci\u00f3n entre la Secretar\u00eda de Desarrollo Energ\u00e9tico y la Comisi\u00f3n Reguladora de Energ\u00eda (CRE) para impulsar acciones en la divulgaci\u00f3n y cumplimiento de las nuevas disposiciones a regulaci\u00f3n en materia de energ\u00e9tica.<\/p>\n","protected":false},"excerpt":{"rendered":"<p>-Se llevar\u00e1 a cabo este pr\u00f3ximo viernes 16 de febrero en Tampico Por: Agencias La Secretar\u00eda de Desarrollo Energ\u00e9tico en coordinaci\u00f3n con la Comisi\u00f3n Reguladora de Energ\u00eda, llevar\u00e1 a cabo, el Foro Regional \u201cNormalizaci\u00f3n y Regulaci\u00f3n\u201d enfocado para capacitar en los tr\u00e1mites y regulaciones a los empresarios tamaulipecos. Siendo Tamaulipas sede del primer foro a &hellip;<\/p>\n","protected":false},"author":1,"featured_media":6597,"comment_status":"open","ping_status":"open","sticky":false,"template":"","format":"standard","meta":{"footnotes":""},"categories":[39],"tags":[],"class_list":["post-6596","post","type-post","status-publish","format-standard","has-post-thumbnail","","category-tamaulipas"],"_links":{"self":[{"href":"https:\/\/www.radiointeractivo.com.mx\/index.php?rest_route=\/wp\/v2\/posts\/6596","targetHints":{"allow":["GET"]}}],"collection":[{"href":"https:\/\/www.radiointeractivo.com.mx\/index.php?rest_route=\/wp\/v2\/posts"}],"about":[{"href":"https:\/\/www.radiointeractivo.com.mx\/index.php?rest_route=\/wp\/v2\/types\/post"}],"author":[{"embeddable":true,"href":"https:\/\/www.radiointeractivo.com.mx\/index.php?rest_route=\/wp\/v2\/users\/1"}],"replies":[{"embeddable":true,"href":"https:\/\/www.radiointeractivo.com.mx\/index.php?rest_route=%2Fwp%2Fv2%2Fcomments&post=6596"}],"version-history":[{"count":1,"href":"https:\/\/www.radiointeractivo.com.mx\/index.php?rest_route=\/wp\/v2\/posts\/6596\/revisions"}],"predecessor-version":[{"id":6598,"href":"https:\/\/www.radiointeractivo.com.mx\/index.php?rest_route=\/wp\/v2\/posts\/6596\/revisions\/6598"}],"wp:featuredmedia":[{"embeddable":true,"href":"https:\/\/www.radiointeractivo.com.mx\/index.php?rest_route=\/wp\/v2\/media\/6597"}],"wp:attachment":[{"href":"https:\/\/www.radiointeractivo.com.mx\/index.php?rest_route=%2Fwp%2Fv2%2Fmedia&parent=6596"}],"wp:term":[{"taxonomy":"category","embeddable":true,"href":"https:\/\/www.radiointeractivo.com.mx\/index.php?rest_route=%2Fwp%2Fv2%2Fcategories&post=6596"},{"taxonomy":"post_tag","embeddable":true,"href":"https:\/\/www.radiointeractivo.com.mx\/index.php?rest_route=%2Fwp%2Fv2%2Ftags&post=6596"}],"curies":[{"name":"wp","href":"https:\/\/api.w.org\/{rel}","templated":true}]}}