{"id":6590,"date":"2024-02-14T15:23:46","date_gmt":"2024-02-14T21:23:46","guid":{"rendered":"https:\/\/www.radiointeractivo.com.mx\/?p=6590"},"modified":"2024-02-14T15:23:47","modified_gmt":"2024-02-14T21:23:47","slug":"invitan-a-mujeres-artistas-a-participar-en-exposicion-fronteriza","status":"publish","type":"post","link":"https:\/\/www.radiointeractivo.com.mx\/?p=6590","title":{"rendered":"INVITAN A MUJERES ARTISTAS A PARTICIPAR EN EXPOSICI\u00d3N \u201cFRONTERIZA\u201d"},"content":{"rendered":"\n<figure class=\"wp-block-image size-large\"><img loading=\"lazy\" decoding=\"async\" width=\"1024\" height=\"682\" src=\"https:\/\/www.radiointeractivo.com.mx\/wp-content\/uploads\/2024\/02\/WhatsApp-Image-2024-02-14-at-2.44.29-PM-1024x682.jpeg\" alt=\"\" class=\"wp-image-6591\" srcset=\"https:\/\/www.radiointeractivo.com.mx\/wp-content\/uploads\/2024\/02\/WhatsApp-Image-2024-02-14-at-2.44.29-PM-1024x682.jpeg 1024w, https:\/\/www.radiointeractivo.com.mx\/wp-content\/uploads\/2024\/02\/WhatsApp-Image-2024-02-14-at-2.44.29-PM-300x200.jpeg 300w, https:\/\/www.radiointeractivo.com.mx\/wp-content\/uploads\/2024\/02\/WhatsApp-Image-2024-02-14-at-2.44.29-PM-768x512.jpeg 768w, https:\/\/www.radiointeractivo.com.mx\/wp-content\/uploads\/2024\/02\/WhatsApp-Image-2024-02-14-at-2.44.29-PM-310x205.jpeg 310w, https:\/\/www.radiointeractivo.com.mx\/wp-content\/uploads\/2024\/02\/WhatsApp-Image-2024-02-14-at-2.44.29-PM.jpeg 1280w\" sizes=\"auto, (max-width: 1024px) 100vw, 1024px\" \/><\/figure>\n\n\n\n<p>Por: Staff | #NuevoLaredo #Tamaulipas<\/p>\n\n\n\n<p>Dentro del marco conmemorativo del D\u00eda Internacional de la Mujer, el Gobierno Municipal a trav\u00e9s de la Direcci\u00f3n de Arte y Cultura, invita a las f\u00e9minas neolaredenses a participar en la exposici\u00f3n de artes pl\u00e1sticas \u201cFronteriza\u201d que busca impulsar la defensa de sus derechos humanos, as\u00ed como la libertad de expresi\u00f3n de ellas.<\/p>\n\n\n\n<p>Esta actividad tendr\u00e1 lugar en las galer\u00edas externas del Museo Reyes Meza dentro del Centro Cultural y ser\u00e1 el viernes 8 de marzo.<\/p>\n\n\n\n<p>El director municipal de Arte y Cultura, Marcos Rodr\u00edguez Leija, indic\u00f3 que dicha convocatoria va dirigida a los artistas pl\u00e1sticos como fot\u00f3grafos, escultores y pintores; tambi\u00e9n poetas y ensayistas.<\/p>\n\n\n\n<p>\u201cLa tem\u00e1tica de esta exposici\u00f3n es dar a conocer los rasgos de las mujeres fronterizas, que se conozca lo que caracteriza a las mujeres de nuestra regi\u00f3n, enaltecer y escuchar lo que tienen para decirnos por medio del arte\u201d, manifest\u00f3.<\/p>\n\n\n\n<p>Inform\u00f3 que como parte de los requisitos, las obras no pueden superar los 10 kilos de peso y 4 metros de altura, pero todas las t\u00e9cnicas art\u00edsticas son permitidas.<\/p>\n\n\n\n<p>Las tem\u00e1ticas a retratar son: la mujer migrante, militar, aduanera, binacional y maquiladora, madre fronteriza y el feminismo en la frontera.<\/p>\n\n\n\n<p>La convocatoria ya se encuentra abierta y cerrar\u00e1 la primera semana de marzo, para inscribirse, es posible acudir al Centro Cultural o cualquier Casa de la Cultura, as\u00ed como env\u00edar un mensaje a la p\u00e1gina oficial de Facebook \u201cDirecci\u00f3n de Arte y Cultura de Nuevo Laredo\u201d; para m\u00e1s informaci\u00f3n, es posible comunicarse al 717-5960.<\/p>\n","protected":false},"excerpt":{"rendered":"<p>Por: Staff | #NuevoLaredo #Tamaulipas Dentro del marco conmemorativo del D\u00eda Internacional de la Mujer, el Gobierno Municipal a trav\u00e9s de la Direcci\u00f3n de Arte y Cultura, invita a las f\u00e9minas neolaredenses a participar en la exposici\u00f3n de artes pl\u00e1sticas \u201cFronteriza\u201d que busca impulsar la defensa de sus derechos humanos, as\u00ed como la libertad de &hellip;<\/p>\n","protected":false},"author":1,"featured_media":6591,"comment_status":"open","ping_status":"open","sticky":false,"template":"","format":"standard","meta":{"footnotes":""},"categories":[38],"tags":[],"class_list":["post-6590","post","type-post","status-publish","format-standard","has-post-thumbnail","","category-nuevo-laredo"],"_links":{"self":[{"href":"https:\/\/www.radiointeractivo.com.mx\/index.php?rest_route=\/wp\/v2\/posts\/6590","targetHints":{"allow":["GET"]}}],"collection":[{"href":"https:\/\/www.radiointeractivo.com.mx\/index.php?rest_route=\/wp\/v2\/posts"}],"about":[{"href":"https:\/\/www.radiointeractivo.com.mx\/index.php?rest_route=\/wp\/v2\/types\/post"}],"author":[{"embeddable":true,"href":"https:\/\/www.radiointeractivo.com.mx\/index.php?rest_route=\/wp\/v2\/users\/1"}],"replies":[{"embeddable":true,"href":"https:\/\/www.radiointeractivo.com.mx\/index.php?rest_route=%2Fwp%2Fv2%2Fcomments&post=6590"}],"version-history":[{"count":1,"href":"https:\/\/www.radiointeractivo.com.mx\/index.php?rest_route=\/wp\/v2\/posts\/6590\/revisions"}],"predecessor-version":[{"id":6592,"href":"https:\/\/www.radiointeractivo.com.mx\/index.php?rest_route=\/wp\/v2\/posts\/6590\/revisions\/6592"}],"wp:featuredmedia":[{"embeddable":true,"href":"https:\/\/www.radiointeractivo.com.mx\/index.php?rest_route=\/wp\/v2\/media\/6591"}],"wp:attachment":[{"href":"https:\/\/www.radiointeractivo.com.mx\/index.php?rest_route=%2Fwp%2Fv2%2Fmedia&parent=6590"}],"wp:term":[{"taxonomy":"category","embeddable":true,"href":"https:\/\/www.radiointeractivo.com.mx\/index.php?rest_route=%2Fwp%2Fv2%2Fcategories&post=6590"},{"taxonomy":"post_tag","embeddable":true,"href":"https:\/\/www.radiointeractivo.com.mx\/index.php?rest_route=%2Fwp%2Fv2%2Ftags&post=6590"}],"curies":[{"name":"wp","href":"https:\/\/api.w.org\/{rel}","templated":true}]}}