{"id":6560,"date":"2024-02-13T13:50:04","date_gmt":"2024-02-13T19:50:04","guid":{"rendered":"https:\/\/www.radiointeractivo.com.mx\/?p=6560"},"modified":"2024-02-13T13:50:06","modified_gmt":"2024-02-13T19:50:06","slug":"impulsa-secretaria-de-educacion-participacion-de-ninas-y-mujeres-tamaulipecas-en-la-ciencia","status":"publish","type":"post","link":"https:\/\/www.radiointeractivo.com.mx\/?p=6560","title":{"rendered":"Impulsa Secretar\u00eda de Educaci\u00f3n participaci\u00f3n de ni\u00f1as y mujeres tamaulipecas en la ciencia"},"content":{"rendered":"\n<figure class=\"wp-block-image size-large\"><img loading=\"lazy\" decoding=\"async\" width=\"1024\" height=\"576\" src=\"https:\/\/www.radiointeractivo.com.mx\/wp-content\/uploads\/2024\/02\/WhatsApp-Image-2024-02-12-at-4.11.48-PM-1024x576.jpeg\" alt=\"\" class=\"wp-image-6561\" srcset=\"https:\/\/www.radiointeractivo.com.mx\/wp-content\/uploads\/2024\/02\/WhatsApp-Image-2024-02-12-at-4.11.48-PM-1024x576.jpeg 1024w, https:\/\/www.radiointeractivo.com.mx\/wp-content\/uploads\/2024\/02\/WhatsApp-Image-2024-02-12-at-4.11.48-PM-300x169.jpeg 300w, https:\/\/www.radiointeractivo.com.mx\/wp-content\/uploads\/2024\/02\/WhatsApp-Image-2024-02-12-at-4.11.48-PM-768x432.jpeg 768w, https:\/\/www.radiointeractivo.com.mx\/wp-content\/uploads\/2024\/02\/WhatsApp-Image-2024-02-12-at-4.11.48-PM-1536x864.jpeg 1536w, https:\/\/www.radiointeractivo.com.mx\/wp-content\/uploads\/2024\/02\/WhatsApp-Image-2024-02-12-at-4.11.48-PM.jpeg 1600w\" sizes=\"auto, (max-width: 1024px) 100vw, 1024px\" \/><\/figure>\n\n\n\n<p>-Conmemoran el D\u00eda Internacional de la Mujer y la Ni\u00f1a en la Ciencia con el prop\u00f3sito de promover las vocaciones cient\u00edficas y proyectar las acciones que ni\u00f1as y mujeres tamaulipecas realizan en la entidad<\/p>\n\n\n\n<p>Por: Agencias<\/p>\n\n\n\n<p>Reynosa, Tamaulipas.\u2013 Con la participaci\u00f3n de alumnas de las secundarias T\u00e9cnica 60, General No. 10, Telesecundaria \u201c\u00c1lvaro G\u00e1lvez y Fuentes\u201d y del Conalep, la Secretar\u00eda de Educaci\u00f3n de Tamaulipas se llev\u00f3 a cabo la celebraci\u00f3n del D\u00eda Internacional de la Mujer y la Ni\u00f1a en la Ciencia \u2018Innovando el Presente, Transformando el Futuro\u2019 en el Centro de Biotecnolog\u00eda Gen\u00f3mica del Instituto Polit\u00e9cnico Nacional de Reynosa.<\/p>\n\n\n\n<p>Esta conmemoraci\u00f3n forma parte de una serie de actividades cient\u00edficas y educativas que se efectuar\u00e1n del 9 al 23 de febrero, en los 43 municipios del estado, con el prop\u00f3sito de promover las vocaciones cient\u00edficas y proyectar las acciones que ni\u00f1as y mujeres tamaulipecas realizan en nuestro territorio en los \u00e1mbitos cient\u00edficos y de investigaci\u00f3n, a fin de motivar a las estudiantes a incursionar en estos campos.<\/p>\n\n\n\n<p>En representaci\u00f3n del gobernador del estado, Am\u00e9rico Villarreal Anaya, la secretaria de Educaci\u00f3n de Tamaulipas, Luc\u00eda Aim\u00e9 Castillo Pastor, inaugur\u00f3 este evento, en donde resalt\u00f3 la importancia de que las ni\u00f1as y mujeres se involucren activamente en el desarrollo cient\u00edfico y tecnol\u00f3gico y que sean un ejemplo para las futuras generaciones.<\/p>\n\n\n\n<p>Como parte de esta jornada se realiz\u00f3 una exposici\u00f3n donde se mostr\u00f3 el trabajo que realizan los 12 laboratorios del Centro de Biotecnolog\u00eda Gen\u00f3mica, donde se los asistentes conocieron a detalle los proyectos de desarrollo cient\u00edfico en los que laboran.<\/p>\n\n\n\n<p>Tambi\u00e9n se efectuaron un par de mesas de dialogo, para conocer m\u00e1s sobre la labor de la mujer en los campos cient\u00edficos y tecnol\u00f3gicos, la primera &#8216;Mujeres Investigadoras Tamaulipecas&#8217; con investigadoras de la Universidad Aut\u00f3noma de Tamaulipas y del Centro de Biotecnolog\u00eda Gen\u00f3mica, la segunda &#8216;Ni\u00f1as y J\u00f3venes interesadas en la Ciencia&#8217; con la participaci\u00f3n de alumnas de preparatorias y el Conalep.<\/p>\n","protected":false},"excerpt":{"rendered":"<p>-Conmemoran el D\u00eda Internacional de la Mujer y la Ni\u00f1a en la Ciencia con el prop\u00f3sito de promover las vocaciones cient\u00edficas y proyectar las acciones que ni\u00f1as y mujeres tamaulipecas realizan en la entidad Por: Agencias Reynosa, Tamaulipas.\u2013 Con la participaci\u00f3n de alumnas de las secundarias T\u00e9cnica 60, General No. 10, Telesecundaria \u201c\u00c1lvaro G\u00e1lvez y &hellip;<\/p>\n","protected":false},"author":1,"featured_media":6561,"comment_status":"open","ping_status":"open","sticky":false,"template":"","format":"standard","meta":{"footnotes":""},"categories":[39],"tags":[],"class_list":["post-6560","post","type-post","status-publish","format-standard","has-post-thumbnail","","category-tamaulipas"],"_links":{"self":[{"href":"https:\/\/www.radiointeractivo.com.mx\/index.php?rest_route=\/wp\/v2\/posts\/6560","targetHints":{"allow":["GET"]}}],"collection":[{"href":"https:\/\/www.radiointeractivo.com.mx\/index.php?rest_route=\/wp\/v2\/posts"}],"about":[{"href":"https:\/\/www.radiointeractivo.com.mx\/index.php?rest_route=\/wp\/v2\/types\/post"}],"author":[{"embeddable":true,"href":"https:\/\/www.radiointeractivo.com.mx\/index.php?rest_route=\/wp\/v2\/users\/1"}],"replies":[{"embeddable":true,"href":"https:\/\/www.radiointeractivo.com.mx\/index.php?rest_route=%2Fwp%2Fv2%2Fcomments&post=6560"}],"version-history":[{"count":1,"href":"https:\/\/www.radiointeractivo.com.mx\/index.php?rest_route=\/wp\/v2\/posts\/6560\/revisions"}],"predecessor-version":[{"id":6562,"href":"https:\/\/www.radiointeractivo.com.mx\/index.php?rest_route=\/wp\/v2\/posts\/6560\/revisions\/6562"}],"wp:featuredmedia":[{"embeddable":true,"href":"https:\/\/www.radiointeractivo.com.mx\/index.php?rest_route=\/wp\/v2\/media\/6561"}],"wp:attachment":[{"href":"https:\/\/www.radiointeractivo.com.mx\/index.php?rest_route=%2Fwp%2Fv2%2Fmedia&parent=6560"}],"wp:term":[{"taxonomy":"category","embeddable":true,"href":"https:\/\/www.radiointeractivo.com.mx\/index.php?rest_route=%2Fwp%2Fv2%2Fcategories&post=6560"},{"taxonomy":"post_tag","embeddable":true,"href":"https:\/\/www.radiointeractivo.com.mx\/index.php?rest_route=%2Fwp%2Fv2%2Ftags&post=6560"}],"curies":[{"name":"wp","href":"https:\/\/api.w.org\/{rel}","templated":true}]}}