{"id":6466,"date":"2024-02-08T14:46:52","date_gmt":"2024-02-08T20:46:52","guid":{"rendered":"https:\/\/www.radiointeractivo.com.mx\/?p=6466"},"modified":"2024-02-08T14:46:54","modified_gmt":"2024-02-08T20:46:54","slug":"se-restablecen-operaciones-de-comercio-exterior-por-aduanas-de-tamaulipas","status":"publish","type":"post","link":"https:\/\/www.radiointeractivo.com.mx\/?p=6466","title":{"rendered":"Se restablecen operaciones de comercio exterior por aduanas de Tamaulipas"},"content":{"rendered":"\n<figure class=\"wp-block-image size-large\"><img loading=\"lazy\" decoding=\"async\" width=\"1024\" height=\"574\" src=\"https:\/\/www.radiointeractivo.com.mx\/wp-content\/uploads\/2024\/02\/WhatsApp-Image-2024-02-08-at-2.27.29-PM-1024x574.jpeg\" alt=\"\" class=\"wp-image-6467\" srcset=\"https:\/\/www.radiointeractivo.com.mx\/wp-content\/uploads\/2024\/02\/WhatsApp-Image-2024-02-08-at-2.27.29-PM-1024x574.jpeg 1024w, https:\/\/www.radiointeractivo.com.mx\/wp-content\/uploads\/2024\/02\/WhatsApp-Image-2024-02-08-at-2.27.29-PM-300x168.jpeg 300w, https:\/\/www.radiointeractivo.com.mx\/wp-content\/uploads\/2024\/02\/WhatsApp-Image-2024-02-08-at-2.27.29-PM-768x431.jpeg 768w, https:\/\/www.radiointeractivo.com.mx\/wp-content\/uploads\/2024\/02\/WhatsApp-Image-2024-02-08-at-2.27.29-PM-1536x861.jpeg 1536w, https:\/\/www.radiointeractivo.com.mx\/wp-content\/uploads\/2024\/02\/WhatsApp-Image-2024-02-08-at-2.27.29-PM.jpeg 1600w\" sizes=\"auto, (max-width: 1024px) 100vw, 1024px\" \/><\/figure>\n\n\n\n<p>-Luego de las fallas que se presentaron a nivel nacional, el servicio se reanuda.<\/p>\n\n\n\n<p>Por: Agencias<\/p>\n\n\n\n<p>Ciudad Victoria,Tamaulipas.- Las operaciones de comercio exterior por las aduanas de Tamaulipas se restablecen de manera paulatina, luego de diversas fallas que se presentaron a nivel nacional en su sistema electr\u00f3nico.<\/p>\n\n\n\n<p>La secretaria de Econom\u00eda, Ninfa Cant\u00fa De\u00e1ndar inform\u00f3 que el mi\u00e9rcoles 7 de febrero, los sistemas para procesar el despacho de mercanc\u00edas presentaron algunas fallas, situaci\u00f3n que en el caso de la aduana de Nuevo Laredo, la m\u00e1s importante del pa\u00eds, se restableci\u00f3 a las 7:00 horas de este jueves en tanto que las dem\u00e1s aduanas de estado se est\u00e1n reactivando paulatinamente.<\/p>\n\n\n\n<p>Por ello, las operaciones de comercio exterior en las aduanas de Tamaulipas no presentaron afectaciones relevantes y se mantiene la comunicaci\u00f3n constante con las autoridades y usuarios del comercio exterior para evaluar la situaci\u00f3n.<\/p>\n\n\n\n<p>Dijo que si bien, las fallas generaron una operaci\u00f3n lenta lo que provoc\u00f3 largas filas de espera, en Nuevo Laredo se restableci\u00f3 el sistema para la validaci\u00f3n y opera con normalidad en tanto que en las dem\u00e1s aduanas se est\u00e1 restableciendo el proceso y la restauraci\u00f3n de sus sistemas.<\/p>\n","protected":false},"excerpt":{"rendered":"<p>-Luego de las fallas que se presentaron a nivel nacional, el servicio se reanuda. Por: Agencias Ciudad Victoria,Tamaulipas.- Las operaciones de comercio exterior por las aduanas de Tamaulipas se restablecen de manera paulatina, luego de diversas fallas que se presentaron a nivel nacional en su sistema electr\u00f3nico. La secretaria de Econom\u00eda, Ninfa Cant\u00fa De\u00e1ndar inform\u00f3 &hellip;<\/p>\n","protected":false},"author":1,"featured_media":6467,"comment_status":"open","ping_status":"open","sticky":false,"template":"","format":"standard","meta":{"footnotes":""},"categories":[39],"tags":[],"class_list":["post-6466","post","type-post","status-publish","format-standard","has-post-thumbnail","","category-tamaulipas"],"_links":{"self":[{"href":"https:\/\/www.radiointeractivo.com.mx\/index.php?rest_route=\/wp\/v2\/posts\/6466","targetHints":{"allow":["GET"]}}],"collection":[{"href":"https:\/\/www.radiointeractivo.com.mx\/index.php?rest_route=\/wp\/v2\/posts"}],"about":[{"href":"https:\/\/www.radiointeractivo.com.mx\/index.php?rest_route=\/wp\/v2\/types\/post"}],"author":[{"embeddable":true,"href":"https:\/\/www.radiointeractivo.com.mx\/index.php?rest_route=\/wp\/v2\/users\/1"}],"replies":[{"embeddable":true,"href":"https:\/\/www.radiointeractivo.com.mx\/index.php?rest_route=%2Fwp%2Fv2%2Fcomments&post=6466"}],"version-history":[{"count":1,"href":"https:\/\/www.radiointeractivo.com.mx\/index.php?rest_route=\/wp\/v2\/posts\/6466\/revisions"}],"predecessor-version":[{"id":6468,"href":"https:\/\/www.radiointeractivo.com.mx\/index.php?rest_route=\/wp\/v2\/posts\/6466\/revisions\/6468"}],"wp:featuredmedia":[{"embeddable":true,"href":"https:\/\/www.radiointeractivo.com.mx\/index.php?rest_route=\/wp\/v2\/media\/6467"}],"wp:attachment":[{"href":"https:\/\/www.radiointeractivo.com.mx\/index.php?rest_route=%2Fwp%2Fv2%2Fmedia&parent=6466"}],"wp:term":[{"taxonomy":"category","embeddable":true,"href":"https:\/\/www.radiointeractivo.com.mx\/index.php?rest_route=%2Fwp%2Fv2%2Fcategories&post=6466"},{"taxonomy":"post_tag","embeddable":true,"href":"https:\/\/www.radiointeractivo.com.mx\/index.php?rest_route=%2Fwp%2Fv2%2Ftags&post=6466"}],"curies":[{"name":"wp","href":"https:\/\/api.w.org\/{rel}","templated":true}]}}