{"id":6448,"date":"2024-02-08T13:35:23","date_gmt":"2024-02-08T19:35:23","guid":{"rendered":"https:\/\/www.radiointeractivo.com.mx\/?p=6448"},"modified":"2024-02-08T13:35:24","modified_gmt":"2024-02-08T19:35:24","slug":"nataly-garcia-diaz-entrega-aparatos-funcionales-para-personas-con-discapacidad-en-gvo-diaz-ordaz","status":"publish","type":"post","link":"https:\/\/www.radiointeractivo.com.mx\/?p=6448","title":{"rendered":"Nataly Garc\u00eda D\u00edaz Entrega Aparatos Funcionales para Personas con Discapacidad en Gvo. D\u00edaz Ordaz"},"content":{"rendered":"\n<figure class=\"wp-block-image size-large\"><img loading=\"lazy\" decoding=\"async\" width=\"1024\" height=\"682\" src=\"https:\/\/www.radiointeractivo.com.mx\/wp-content\/uploads\/2024\/02\/WhatsApp-Image-2024-02-08-at-8.15.20-AM-1024x682.jpeg\" alt=\"\" class=\"wp-image-6449\" srcset=\"https:\/\/www.radiointeractivo.com.mx\/wp-content\/uploads\/2024\/02\/WhatsApp-Image-2024-02-08-at-8.15.20-AM-1024x682.jpeg 1024w, https:\/\/www.radiointeractivo.com.mx\/wp-content\/uploads\/2024\/02\/WhatsApp-Image-2024-02-08-at-8.15.20-AM-300x200.jpeg 300w, https:\/\/www.radiointeractivo.com.mx\/wp-content\/uploads\/2024\/02\/WhatsApp-Image-2024-02-08-at-8.15.20-AM-768x512.jpeg 768w, https:\/\/www.radiointeractivo.com.mx\/wp-content\/uploads\/2024\/02\/WhatsApp-Image-2024-02-08-at-8.15.20-AM-1536x1023.jpeg 1536w, https:\/\/www.radiointeractivo.com.mx\/wp-content\/uploads\/2024\/02\/WhatsApp-Image-2024-02-08-at-8.15.20-AM-310x205.jpeg 310w, https:\/\/www.radiointeractivo.com.mx\/wp-content\/uploads\/2024\/02\/WhatsApp-Image-2024-02-08-at-8.15.20-AM.jpeg 1600w\" sizes=\"auto, (max-width: 1024px) 100vw, 1024px\" \/><\/figure>\n\n\n\n<p>Por: Staff | #DiazOrdaz #Tamaulipas<\/p>\n\n\n\n<p>GvoD\u00edazOrdaz.- Este martes por la ma\u00f1ana, el Sistema DIF llev\u00f3 a cabo en sus instalaciones la segunda entrega de aparatos funcionales a personas con discapacidad. La gesti\u00f3n, realizada a trav\u00e9s de la Administraci\u00f3n del Patrimonio de la Beneficencia P\u00fablica y el Sistema DIF Tamaulipas, result\u00f3 en la donaci\u00f3n de 15 sillas de ruedas, 2 andadores, 2 bastones y un par de muletas.<\/p>\n\n\n\n<p>El evento cont\u00f3 con la presencia de la Lic. Nataly Garc\u00eda D\u00edaz, Presidenta Municipal, quien estuvo acompa\u00f1ada por la Lic. Nallely Garc\u00eda D\u00edaz, Presidenta del Sistema DIF, y el Dr. Rogelio Arnoldo Olivares, titular de la Jurisdicci\u00f3n Sanitaria IX.<\/p>\n\n\n\n<p>La Presidenta Municipal, Lic. Nataly Garc\u00eda D\u00edaz, destac\u00f3 la importancia de este evento: \u201cHoy es un d\u00eda de gran satisfacci\u00f3n para nuestra administraci\u00f3n. Estos aparatos funcionales no son solo una ayuda, sino una herramienta esencial para mejorar la calidad de vida de nuestros ciudadanos con discapacidad. Agradezco profundamente al Gobernador de Tamaulipas por su invaluable apoyo en esta noble causa.\u201d<\/p>\n\n\n\n<p>Es relevante mencionar que la primera entrega de aparatos funcionales, que incluy\u00f3 25 sillas de ruedas, 5 bastones, 5 muletas y 5 andadores, fue realizada con recursos municipales. Bajo la administraci\u00f3n de la Lic. Nataly Garc\u00eda D\u00edaz, se ha alcanzado un hito significativo en el apoyo a personas con discapacidad, marcando un r\u00e9cord en la entrega de sillas de ruedas a quienes m\u00e1s lo necesitan.<\/p>\n","protected":false},"excerpt":{"rendered":"<p>Por: Staff | #DiazOrdaz #Tamaulipas GvoD\u00edazOrdaz.- Este martes por la ma\u00f1ana, el Sistema DIF llev\u00f3 a cabo en sus instalaciones la segunda entrega de aparatos funcionales a personas con discapacidad. La gesti\u00f3n, realizada a trav\u00e9s de la Administraci\u00f3n del Patrimonio de la Beneficencia P\u00fablica y el Sistema DIF Tamaulipas, result\u00f3 en la donaci\u00f3n de 15 &hellip;<\/p>\n","protected":false},"author":1,"featured_media":6449,"comment_status":"open","ping_status":"open","sticky":false,"template":"","format":"standard","meta":{"footnotes":""},"categories":[39],"tags":[],"class_list":["post-6448","post","type-post","status-publish","format-standard","has-post-thumbnail","","category-tamaulipas"],"_links":{"self":[{"href":"https:\/\/www.radiointeractivo.com.mx\/index.php?rest_route=\/wp\/v2\/posts\/6448","targetHints":{"allow":["GET"]}}],"collection":[{"href":"https:\/\/www.radiointeractivo.com.mx\/index.php?rest_route=\/wp\/v2\/posts"}],"about":[{"href":"https:\/\/www.radiointeractivo.com.mx\/index.php?rest_route=\/wp\/v2\/types\/post"}],"author":[{"embeddable":true,"href":"https:\/\/www.radiointeractivo.com.mx\/index.php?rest_route=\/wp\/v2\/users\/1"}],"replies":[{"embeddable":true,"href":"https:\/\/www.radiointeractivo.com.mx\/index.php?rest_route=%2Fwp%2Fv2%2Fcomments&post=6448"}],"version-history":[{"count":1,"href":"https:\/\/www.radiointeractivo.com.mx\/index.php?rest_route=\/wp\/v2\/posts\/6448\/revisions"}],"predecessor-version":[{"id":6450,"href":"https:\/\/www.radiointeractivo.com.mx\/index.php?rest_route=\/wp\/v2\/posts\/6448\/revisions\/6450"}],"wp:featuredmedia":[{"embeddable":true,"href":"https:\/\/www.radiointeractivo.com.mx\/index.php?rest_route=\/wp\/v2\/media\/6449"}],"wp:attachment":[{"href":"https:\/\/www.radiointeractivo.com.mx\/index.php?rest_route=%2Fwp%2Fv2%2Fmedia&parent=6448"}],"wp:term":[{"taxonomy":"category","embeddable":true,"href":"https:\/\/www.radiointeractivo.com.mx\/index.php?rest_route=%2Fwp%2Fv2%2Fcategories&post=6448"},{"taxonomy":"post_tag","embeddable":true,"href":"https:\/\/www.radiointeractivo.com.mx\/index.php?rest_route=%2Fwp%2Fv2%2Ftags&post=6448"}],"curies":[{"name":"wp","href":"https:\/\/api.w.org\/{rel}","templated":true}]}}