{"id":6428,"date":"2024-02-07T14:19:05","date_gmt":"2024-02-07T20:19:05","guid":{"rendered":"https:\/\/www.radiointeractivo.com.mx\/?p=6428"},"modified":"2024-02-07T14:19:09","modified_gmt":"2024-02-07T20:19:09","slug":"desarrollo-rural-y-fira-imparten-curso-a-extensionistas-y-productores-agropecuarios","status":"publish","type":"post","link":"https:\/\/www.radiointeractivo.com.mx\/?p=6428","title":{"rendered":"Desarrollo Rural y FIRA imparten curso a extensionistas y productores agropecuarios"},"content":{"rendered":"\n<figure class=\"wp-block-image size-large\"><img loading=\"lazy\" decoding=\"async\" width=\"1024\" height=\"682\" src=\"https:\/\/www.radiointeractivo.com.mx\/wp-content\/uploads\/2024\/02\/WhatsApp-Image-2024-02-07-at-1.45.42-PM-1024x682.jpeg\" alt=\"\" class=\"wp-image-6429\" srcset=\"https:\/\/www.radiointeractivo.com.mx\/wp-content\/uploads\/2024\/02\/WhatsApp-Image-2024-02-07-at-1.45.42-PM-1024x682.jpeg 1024w, https:\/\/www.radiointeractivo.com.mx\/wp-content\/uploads\/2024\/02\/WhatsApp-Image-2024-02-07-at-1.45.42-PM-300x200.jpeg 300w, https:\/\/www.radiointeractivo.com.mx\/wp-content\/uploads\/2024\/02\/WhatsApp-Image-2024-02-07-at-1.45.42-PM-768x512.jpeg 768w, https:\/\/www.radiointeractivo.com.mx\/wp-content\/uploads\/2024\/02\/WhatsApp-Image-2024-02-07-at-1.45.42-PM-310x205.jpeg 310w, https:\/\/www.radiointeractivo.com.mx\/wp-content\/uploads\/2024\/02\/WhatsApp-Image-2024-02-07-at-1.45.42-PM.jpeg 1280w\" sizes=\"auto, (max-width: 1024px) 100vw, 1024px\" \/><\/figure>\n\n\n\n<p>Por: Agencias<\/p>\n\n\n\n<p>Ciudad Victoria, Tamaulipas. \u2013 La Secretar\u00eda de Desarrollo Rural, Pesca y Acuacultura, en coordinaci\u00f3n con Fideicomisos Instituidos en Relaci\u00f3n con la Agricultura (FIRA), dio inicio a la capacitaci\u00f3n denominada \u201cModelo de Extensionismo de Productor a Productor\u201d, el cual est\u00e1 dirigido a productores y profesionistas con perfil multidisciplinario que interact\u00faen con modelos de negocio del sector agroalimentario e impulsen su capacidad productiva y sostenible.<\/p>\n\n\n\n<p>Antonio Varela Flores, secretario de Desarrollo Rural, Pesca y Acuacultura hace una atenta invitaci\u00f3n para todos aquellos productores, extensionistas, proveedores, y a las instituciones de educaci\u00f3n e investigaci\u00f3n que est\u00e9n interesados en recibir el curso se comuniquen a la Direcci\u00f3n de Extensionismo Agr\u00edcola al Tel. 834 107 07 83.<\/p>\n\n\n\n<p>Refiri\u00f3 que el objetivo de la capacitaci\u00f3n es dar a conocer el Modelo de Extensionismo de Productor a Productor, y facilitar el intercambio de conocimientos entre productores para que en un mediano plazo, adopten innovaciones que les permitan incrementar su productividad de manera competitiva, incluyente y sostenible dentro de sus unidades econ\u00f3micas.<\/p>\n\n\n\n<p>El secretario de Desarrollo Rural, Pesca y Acuacultura destac\u00f3 que dicho curso inici\u00f3 el pasado el 31 de enero de 2024, consta de 10 sesiones v\u00eda zoom, con duraci\u00f3n de una hora y se estar\u00e1 impartiendo un d\u00eda a la semana los mi\u00e9rcoles a las 10:00 am.<\/p>\n","protected":false},"excerpt":{"rendered":"<p>Por: Agencias Ciudad Victoria, Tamaulipas. \u2013 La Secretar\u00eda de Desarrollo Rural, Pesca y Acuacultura, en coordinaci\u00f3n con Fideicomisos Instituidos en Relaci\u00f3n con la Agricultura (FIRA), dio inicio a la capacitaci\u00f3n denominada \u201cModelo de Extensionismo de Productor a Productor\u201d, el cual est\u00e1 dirigido a productores y profesionistas con perfil multidisciplinario que interact\u00faen con modelos de negocio &hellip;<\/p>\n","protected":false},"author":1,"featured_media":6429,"comment_status":"open","ping_status":"open","sticky":false,"template":"","format":"standard","meta":{"footnotes":""},"categories":[39],"tags":[],"class_list":["post-6428","post","type-post","status-publish","format-standard","has-post-thumbnail","","category-tamaulipas"],"_links":{"self":[{"href":"https:\/\/www.radiointeractivo.com.mx\/index.php?rest_route=\/wp\/v2\/posts\/6428","targetHints":{"allow":["GET"]}}],"collection":[{"href":"https:\/\/www.radiointeractivo.com.mx\/index.php?rest_route=\/wp\/v2\/posts"}],"about":[{"href":"https:\/\/www.radiointeractivo.com.mx\/index.php?rest_route=\/wp\/v2\/types\/post"}],"author":[{"embeddable":true,"href":"https:\/\/www.radiointeractivo.com.mx\/index.php?rest_route=\/wp\/v2\/users\/1"}],"replies":[{"embeddable":true,"href":"https:\/\/www.radiointeractivo.com.mx\/index.php?rest_route=%2Fwp%2Fv2%2Fcomments&post=6428"}],"version-history":[{"count":1,"href":"https:\/\/www.radiointeractivo.com.mx\/index.php?rest_route=\/wp\/v2\/posts\/6428\/revisions"}],"predecessor-version":[{"id":6430,"href":"https:\/\/www.radiointeractivo.com.mx\/index.php?rest_route=\/wp\/v2\/posts\/6428\/revisions\/6430"}],"wp:featuredmedia":[{"embeddable":true,"href":"https:\/\/www.radiointeractivo.com.mx\/index.php?rest_route=\/wp\/v2\/media\/6429"}],"wp:attachment":[{"href":"https:\/\/www.radiointeractivo.com.mx\/index.php?rest_route=%2Fwp%2Fv2%2Fmedia&parent=6428"}],"wp:term":[{"taxonomy":"category","embeddable":true,"href":"https:\/\/www.radiointeractivo.com.mx\/index.php?rest_route=%2Fwp%2Fv2%2Fcategories&post=6428"},{"taxonomy":"post_tag","embeddable":true,"href":"https:\/\/www.radiointeractivo.com.mx\/index.php?rest_route=%2Fwp%2Fv2%2Ftags&post=6428"}],"curies":[{"name":"wp","href":"https:\/\/api.w.org\/{rel}","templated":true}]}}