{"id":6377,"date":"2024-02-04T18:51:37","date_gmt":"2024-02-05T00:51:37","guid":{"rendered":"https:\/\/www.radiointeractivo.com.mx\/?p=6377"},"modified":"2024-02-04T18:51:38","modified_gmt":"2024-02-05T00:51:38","slug":"fortalece-gobierno-del-estado-promocion-y-prevencion-de-la-salud","status":"publish","type":"post","link":"https:\/\/www.radiointeractivo.com.mx\/?p=6377","title":{"rendered":"Fortalece Gobierno del Estado promoci\u00f3n y prevenci\u00f3n de la salud"},"content":{"rendered":"\n<figure class=\"wp-block-image size-large\"><img loading=\"lazy\" decoding=\"async\" width=\"1024\" height=\"682\" src=\"https:\/\/www.radiointeractivo.com.mx\/wp-content\/uploads\/2024\/02\/WhatsApp-Image-2024-02-03-at-10.17.17-AM-1024x682.jpeg\" alt=\"\" class=\"wp-image-6378\" srcset=\"https:\/\/www.radiointeractivo.com.mx\/wp-content\/uploads\/2024\/02\/WhatsApp-Image-2024-02-03-at-10.17.17-AM-1024x682.jpeg 1024w, https:\/\/www.radiointeractivo.com.mx\/wp-content\/uploads\/2024\/02\/WhatsApp-Image-2024-02-03-at-10.17.17-AM-300x200.jpeg 300w, https:\/\/www.radiointeractivo.com.mx\/wp-content\/uploads\/2024\/02\/WhatsApp-Image-2024-02-03-at-10.17.17-AM-768x512.jpeg 768w, https:\/\/www.radiointeractivo.com.mx\/wp-content\/uploads\/2024\/02\/WhatsApp-Image-2024-02-03-at-10.17.17-AM-1536x1023.jpeg 1536w, https:\/\/www.radiointeractivo.com.mx\/wp-content\/uploads\/2024\/02\/WhatsApp-Image-2024-02-03-at-10.17.17-AM-310x205.jpeg 310w, https:\/\/www.radiointeractivo.com.mx\/wp-content\/uploads\/2024\/02\/WhatsApp-Image-2024-02-03-at-10.17.17-AM.jpeg 1600w\" sizes=\"auto, (max-width: 1024px) 100vw, 1024px\" \/><\/figure>\n\n\n\n<p>-Con la entrega de kits m\u00e9dicos<\/p>\n\n\n\n<p>Por: Agencias<\/p>\n\n\n\n<p>Ciudad Victoria, Tamaulipas.- Con el apoyo e instrucci\u00f3n del gobernador Am\u00e9rico Villarreal Anaya, la Secretar\u00eda de Salud de Tamaulipas, realiz\u00f3 la entrega de kits m\u00e9dicos a unos 350 Comit\u00e9s de Salud que se conforman en la Jurisdicci\u00f3n Sanitaria N\u00famero 1 de Victoria.<\/p>\n\n\n\n<p>El titular de la dependencia estatal, Vicente Joel Hern\u00e1ndez Navarro, de manera representativa entreg\u00f3 10 equipos m\u00e9dicos integrados por bauman\u00f3metro, estetoscopio, term\u00f3metro y ox\u00edmetro, en donde adem\u00e1s reconoci\u00f3 el trabajo preventivo que han realizado estos grupos y la coparticipaci\u00f3n que tienen con la poblaci\u00f3n para atender y evitar las emergencias m\u00e9dicas.<\/p>\n\n\n\n<p>\u201cEl gobernador est\u00e1 al pendiente de las necesidades que requiere la poblaci\u00f3n y del apoyo y trabajo que realizan los Comit\u00e9s o promotores de salud, en especial con este tema que nos preocupa y ocupa a todos como es la atenci\u00f3n m\u00e9dica de calidad y humanista, lo que hace que se convierta en un tema primordial del Plan Estatal de Desarrollo de esta administraci\u00f3n\u201d, destac\u00f3 Hern\u00e1ndez Navarro durante su discurso.<\/p>\n\n\n\n<p>Dijo que con este proyecto, de involucrar al personal de los Comit\u00e9s y realizar la entrega de equipos m\u00e9dicos, se quiere influir entre la poblaci\u00f3n la importancia que tiene el trabajo preventivo, optimizar los recursos con los que se cuenta y mantener una estrecha relaci\u00f3n con la poblaci\u00f3n y esto se ha logrado con el apoyo de estos Comit\u00e9s.<\/p>\n\n\n\n<p>En el evento, que se llev\u00f3 a cabo en las instalaciones del Sindicato Unido de Trabajadores al Servicio de los Poderes del Estado de Tamaulipas (SUTSPET) se otorg\u00f3 una capacitaci\u00f3n a los asistentes sobre el manejo de los materiales entregados, con el fin de que sean utilizados de manera \u00f3ptima y segura.<\/p>\n\n\n\n<p>Entre los asistentes, se cont\u00f3 con la presencia de la secretaria general del SUTSPET, Blanca Guadalupe Valles Rodr\u00edguez; el subsecretario de Salud P\u00fablica, Marggid Antonio Rodr\u00edguez Avenda\u00f1o; la subsecretaria de Enfermer\u00eda, Irma Barrag\u00e1n Alvarado; la directora estatal de Promoci\u00f3n de la Salud, Lucero Gonz\u00e1lez Mendoza; as\u00ed como personal de la Jurisdicci\u00f3n Sanitaria n\u00famero 1 y los presidentes que conforman los Comit\u00e9s de Salud.<\/p>\n","protected":false},"excerpt":{"rendered":"<p>-Con la entrega de kits m\u00e9dicos Por: Agencias Ciudad Victoria, Tamaulipas.- Con el apoyo e instrucci\u00f3n del gobernador Am\u00e9rico Villarreal Anaya, la Secretar\u00eda de Salud de Tamaulipas, realiz\u00f3 la entrega de kits m\u00e9dicos a unos 350 Comit\u00e9s de Salud que se conforman en la Jurisdicci\u00f3n Sanitaria N\u00famero 1 de Victoria. El titular de la dependencia &hellip;<\/p>\n","protected":false},"author":1,"featured_media":6378,"comment_status":"open","ping_status":"open","sticky":false,"template":"","format":"standard","meta":{"footnotes":""},"categories":[39],"tags":[],"class_list":["post-6377","post","type-post","status-publish","format-standard","has-post-thumbnail","","category-tamaulipas"],"_links":{"self":[{"href":"https:\/\/www.radiointeractivo.com.mx\/index.php?rest_route=\/wp\/v2\/posts\/6377","targetHints":{"allow":["GET"]}}],"collection":[{"href":"https:\/\/www.radiointeractivo.com.mx\/index.php?rest_route=\/wp\/v2\/posts"}],"about":[{"href":"https:\/\/www.radiointeractivo.com.mx\/index.php?rest_route=\/wp\/v2\/types\/post"}],"author":[{"embeddable":true,"href":"https:\/\/www.radiointeractivo.com.mx\/index.php?rest_route=\/wp\/v2\/users\/1"}],"replies":[{"embeddable":true,"href":"https:\/\/www.radiointeractivo.com.mx\/index.php?rest_route=%2Fwp%2Fv2%2Fcomments&post=6377"}],"version-history":[{"count":1,"href":"https:\/\/www.radiointeractivo.com.mx\/index.php?rest_route=\/wp\/v2\/posts\/6377\/revisions"}],"predecessor-version":[{"id":6379,"href":"https:\/\/www.radiointeractivo.com.mx\/index.php?rest_route=\/wp\/v2\/posts\/6377\/revisions\/6379"}],"wp:featuredmedia":[{"embeddable":true,"href":"https:\/\/www.radiointeractivo.com.mx\/index.php?rest_route=\/wp\/v2\/media\/6378"}],"wp:attachment":[{"href":"https:\/\/www.radiointeractivo.com.mx\/index.php?rest_route=%2Fwp%2Fv2%2Fmedia&parent=6377"}],"wp:term":[{"taxonomy":"category","embeddable":true,"href":"https:\/\/www.radiointeractivo.com.mx\/index.php?rest_route=%2Fwp%2Fv2%2Fcategories&post=6377"},{"taxonomy":"post_tag","embeddable":true,"href":"https:\/\/www.radiointeractivo.com.mx\/index.php?rest_route=%2Fwp%2Fv2%2Ftags&post=6377"}],"curies":[{"name":"wp","href":"https:\/\/api.w.org\/{rel}","templated":true}]}}