{"id":6374,"date":"2024-02-04T18:47:38","date_gmt":"2024-02-05T00:47:38","guid":{"rendered":"https:\/\/www.radiointeractivo.com.mx\/?p=6374"},"modified":"2024-02-04T18:47:40","modified_gmt":"2024-02-05T00:47:40","slug":"dia-inhabil-en-el-servicio-publico-el-5-de-febrero","status":"publish","type":"post","link":"https:\/\/www.radiointeractivo.com.mx\/?p=6374","title":{"rendered":"D\u00eda inh\u00e1bil en el servicio p\u00fablico el 5 de febrero"},"content":{"rendered":"\n<figure class=\"wp-block-image size-large\"><img loading=\"lazy\" decoding=\"async\" width=\"1024\" height=\"682\" src=\"https:\/\/www.radiointeractivo.com.mx\/wp-content\/uploads\/2024\/02\/WhatsApp-Image-2024-02-02-at-4.21.11-PM-1024x682.jpeg\" alt=\"\" class=\"wp-image-6375\" srcset=\"https:\/\/www.radiointeractivo.com.mx\/wp-content\/uploads\/2024\/02\/WhatsApp-Image-2024-02-02-at-4.21.11-PM-1024x682.jpeg 1024w, https:\/\/www.radiointeractivo.com.mx\/wp-content\/uploads\/2024\/02\/WhatsApp-Image-2024-02-02-at-4.21.11-PM-300x200.jpeg 300w, https:\/\/www.radiointeractivo.com.mx\/wp-content\/uploads\/2024\/02\/WhatsApp-Image-2024-02-02-at-4.21.11-PM-768x512.jpeg 768w, https:\/\/www.radiointeractivo.com.mx\/wp-content\/uploads\/2024\/02\/WhatsApp-Image-2024-02-02-at-4.21.11-PM-1536x1023.jpeg 1536w, https:\/\/www.radiointeractivo.com.mx\/wp-content\/uploads\/2024\/02\/WhatsApp-Image-2024-02-02-at-4.21.11-PM-310x205.jpeg 310w, https:\/\/www.radiointeractivo.com.mx\/wp-content\/uploads\/2024\/02\/WhatsApp-Image-2024-02-02-at-4.21.11-PM.jpeg 1600w\" sizes=\"auto, (max-width: 1024px) 100vw, 1024px\" \/><\/figure>\n\n\n\n<p>Por: Agencias<\/p>\n\n\n\n<p>Ciudad Victoria, Tamaulipas.- De conformidad con lo dispuesto en el Art\u00edculo 74, fracci\u00f3n II de la Ley Federal del Trabajo y el Art\u00edculo 81, fracci\u00f3n I del Reglamento de la Condiciones Generales de Trabajo, el d\u00eda lunes 5 de febrero del presente a\u00f1o ser\u00e1 d\u00eda de descanso obligatorio para las y los servidores p\u00fablicos, en conmemoraci\u00f3n al aniversario de la promulgaci\u00f3n de la Constituci\u00f3n Pol\u00edtica de los Estados Unidos Mexicanos, as\u00ed lo inform\u00f3 el secretario de Administraci\u00f3n, Jes\u00fas Lav\u00edn Ver\u00e1stegui.<\/p>\n\n\n\n<p>Aclar\u00f3 que se except\u00faan a aquellas dependencias y organismos que por la naturaleza de sus funciones, est\u00e1n sujetas a las disposiciones legales internas.<\/p>\n\n\n\n<p>La actividad laboral en el servicio p\u00fablico se reanudar\u00e1 el martes 6 de febrero del a\u00f1o en curso.<\/p>\n","protected":false},"excerpt":{"rendered":"<p>Por: Agencias Ciudad Victoria, Tamaulipas.- De conformidad con lo dispuesto en el Art\u00edculo 74, fracci\u00f3n II de la Ley Federal del Trabajo y el Art\u00edculo 81, fracci\u00f3n I del Reglamento de la Condiciones Generales de Trabajo, el d\u00eda lunes 5 de febrero del presente a\u00f1o ser\u00e1 d\u00eda de descanso obligatorio para las y los servidores &hellip;<\/p>\n","protected":false},"author":1,"featured_media":6375,"comment_status":"open","ping_status":"open","sticky":false,"template":"","format":"standard","meta":{"footnotes":""},"categories":[39],"tags":[],"class_list":["post-6374","post","type-post","status-publish","format-standard","has-post-thumbnail","","category-tamaulipas"],"_links":{"self":[{"href":"https:\/\/www.radiointeractivo.com.mx\/index.php?rest_route=\/wp\/v2\/posts\/6374","targetHints":{"allow":["GET"]}}],"collection":[{"href":"https:\/\/www.radiointeractivo.com.mx\/index.php?rest_route=\/wp\/v2\/posts"}],"about":[{"href":"https:\/\/www.radiointeractivo.com.mx\/index.php?rest_route=\/wp\/v2\/types\/post"}],"author":[{"embeddable":true,"href":"https:\/\/www.radiointeractivo.com.mx\/index.php?rest_route=\/wp\/v2\/users\/1"}],"replies":[{"embeddable":true,"href":"https:\/\/www.radiointeractivo.com.mx\/index.php?rest_route=%2Fwp%2Fv2%2Fcomments&post=6374"}],"version-history":[{"count":1,"href":"https:\/\/www.radiointeractivo.com.mx\/index.php?rest_route=\/wp\/v2\/posts\/6374\/revisions"}],"predecessor-version":[{"id":6376,"href":"https:\/\/www.radiointeractivo.com.mx\/index.php?rest_route=\/wp\/v2\/posts\/6374\/revisions\/6376"}],"wp:featuredmedia":[{"embeddable":true,"href":"https:\/\/www.radiointeractivo.com.mx\/index.php?rest_route=\/wp\/v2\/media\/6375"}],"wp:attachment":[{"href":"https:\/\/www.radiointeractivo.com.mx\/index.php?rest_route=%2Fwp%2Fv2%2Fmedia&parent=6374"}],"wp:term":[{"taxonomy":"category","embeddable":true,"href":"https:\/\/www.radiointeractivo.com.mx\/index.php?rest_route=%2Fwp%2Fv2%2Fcategories&post=6374"},{"taxonomy":"post_tag","embeddable":true,"href":"https:\/\/www.radiointeractivo.com.mx\/index.php?rest_route=%2Fwp%2Fv2%2Ftags&post=6374"}],"curies":[{"name":"wp","href":"https:\/\/api.w.org\/{rel}","templated":true}]}}