{"id":5952,"date":"2024-01-19T17:35:21","date_gmt":"2024-01-19T23:35:21","guid":{"rendered":"https:\/\/www.radiointeractivo.com.mx\/?p=5952"},"modified":"2024-01-19T17:35:22","modified_gmt":"2024-01-19T23:35:22","slug":"capacita-contraloria-gubernamental-en-temas-de-manual-de-organizacion","status":"publish","type":"post","link":"https:\/\/www.radiointeractivo.com.mx\/?p=5952","title":{"rendered":"Capacita Contralor\u00eda Gubernamental en temas de Manual de Organizaci\u00f3n"},"content":{"rendered":"\n<figure class=\"wp-block-image size-full\"><img loading=\"lazy\" decoding=\"async\" width=\"585\" height=\"321\" src=\"https:\/\/www.radiointeractivo.com.mx\/wp-content\/uploads\/2024\/01\/WhatsApp-Image-2024-01-18-at-7.42.19-PM.jpeg\" alt=\"\" class=\"wp-image-5953\" srcset=\"https:\/\/www.radiointeractivo.com.mx\/wp-content\/uploads\/2024\/01\/WhatsApp-Image-2024-01-18-at-7.42.19-PM.jpeg 585w, https:\/\/www.radiointeractivo.com.mx\/wp-content\/uploads\/2024\/01\/WhatsApp-Image-2024-01-18-at-7.42.19-PM-300x165.jpeg 300w\" sizes=\"auto, (max-width: 585px) 100vw, 585px\" \/><\/figure>\n\n\n\n<p>Por: Agencias <\/p>\n\n\n\n<p>Ciudad Victoria, Tamaulipas.- La Contralor\u00eda Gubernamental realiz\u00f3 la primera capacitaci\u00f3n de 2024 en temas relativos al Manual de Organizaci\u00f3n a personal de la Secretar\u00eda del Trabajo y Previsi\u00f3n Social.<\/p>\n\n\n\n<p>Norma Ang\u00e9lica Pedraza Melo, titular de la dependencia, mencion\u00f3 que la actual administraci\u00f3n estatal est\u00e1 comprometida a seguir la ruta del bienestar social y de una mejor administraci\u00f3n p\u00fablica, por ello se promueve al interior de las instituciones, la elaboraci\u00f3n de las bases normativas necesarias para lograr una adecuada interacci\u00f3n entre el gobierno y la sociedad en forma transparente y participativa.<\/p>\n\n\n\n<p>Se\u00f1al\u00f3 que para eficientar el proceso en la elaboraci\u00f3n de los manuales de organizaci\u00f3n, la Contralor\u00eda Gubernamental brinda asesor\u00eda a todas las dependencias que as\u00ed lo soliciten, a trav\u00e9s de la Direcci\u00f3n de Normatividad y Desarrollo Administrativo, en coordinaci\u00f3n con el Departamento de Manuales Administrativos de la Subcontralor\u00eda de Evaluaci\u00f3n y Mejora de la Gesti\u00f3n.<\/p>\n\n\n\n<p>Con ello, se da cumplimento al art\u00edculo 11 de la Ley Org\u00e1nica de la Administraci\u00f3n P\u00fablica del Estado de Tamaulipas.<\/p>\n","protected":false},"excerpt":{"rendered":"<p>Por: Agencias Ciudad Victoria, Tamaulipas.- La Contralor\u00eda Gubernamental realiz\u00f3 la primera capacitaci\u00f3n de 2024 en temas relativos al Manual de Organizaci\u00f3n a personal de la Secretar\u00eda del Trabajo y Previsi\u00f3n Social. Norma Ang\u00e9lica Pedraza Melo, titular de la dependencia, mencion\u00f3 que la actual administraci\u00f3n estatal est\u00e1 comprometida a seguir la ruta del bienestar social y &hellip;<\/p>\n","protected":false},"author":1,"featured_media":5953,"comment_status":"open","ping_status":"open","sticky":false,"template":"","format":"standard","meta":{"footnotes":""},"categories":[39],"tags":[],"class_list":["post-5952","post","type-post","status-publish","format-standard","has-post-thumbnail","","category-tamaulipas"],"_links":{"self":[{"href":"https:\/\/www.radiointeractivo.com.mx\/index.php?rest_route=\/wp\/v2\/posts\/5952","targetHints":{"allow":["GET"]}}],"collection":[{"href":"https:\/\/www.radiointeractivo.com.mx\/index.php?rest_route=\/wp\/v2\/posts"}],"about":[{"href":"https:\/\/www.radiointeractivo.com.mx\/index.php?rest_route=\/wp\/v2\/types\/post"}],"author":[{"embeddable":true,"href":"https:\/\/www.radiointeractivo.com.mx\/index.php?rest_route=\/wp\/v2\/users\/1"}],"replies":[{"embeddable":true,"href":"https:\/\/www.radiointeractivo.com.mx\/index.php?rest_route=%2Fwp%2Fv2%2Fcomments&post=5952"}],"version-history":[{"count":1,"href":"https:\/\/www.radiointeractivo.com.mx\/index.php?rest_route=\/wp\/v2\/posts\/5952\/revisions"}],"predecessor-version":[{"id":5954,"href":"https:\/\/www.radiointeractivo.com.mx\/index.php?rest_route=\/wp\/v2\/posts\/5952\/revisions\/5954"}],"wp:featuredmedia":[{"embeddable":true,"href":"https:\/\/www.radiointeractivo.com.mx\/index.php?rest_route=\/wp\/v2\/media\/5953"}],"wp:attachment":[{"href":"https:\/\/www.radiointeractivo.com.mx\/index.php?rest_route=%2Fwp%2Fv2%2Fmedia&parent=5952"}],"wp:term":[{"taxonomy":"category","embeddable":true,"href":"https:\/\/www.radiointeractivo.com.mx\/index.php?rest_route=%2Fwp%2Fv2%2Fcategories&post=5952"},{"taxonomy":"post_tag","embeddable":true,"href":"https:\/\/www.radiointeractivo.com.mx\/index.php?rest_route=%2Fwp%2Fv2%2Ftags&post=5952"}],"curies":[{"name":"wp","href":"https:\/\/api.w.org\/{rel}","templated":true}]}}