{"id":5936,"date":"2024-01-18T19:11:40","date_gmt":"2024-01-19T01:11:40","guid":{"rendered":"https:\/\/www.radiointeractivo.com.mx\/?p=5936"},"modified":"2024-01-18T19:11:41","modified_gmt":"2024-01-19T01:11:41","slug":"firma-americo-seguimiento-de-convenio-con-el-imss-bienestar","status":"publish","type":"post","link":"https:\/\/www.radiointeractivo.com.mx\/?p=5936","title":{"rendered":"Firma Am\u00e9rico seguimiento de convenio con el IMSS\u2013Bienestar"},"content":{"rendered":"\n<figure class=\"wp-block-image size-large\"><img loading=\"lazy\" decoding=\"async\" width=\"1024\" height=\"645\" src=\"https:\/\/www.radiointeractivo.com.mx\/wp-content\/uploads\/2024\/01\/WhatsApp-Image-2024-01-18-at-6.35.36-PM-1024x645.jpeg\" alt=\"\" class=\"wp-image-5937\" srcset=\"https:\/\/www.radiointeractivo.com.mx\/wp-content\/uploads\/2024\/01\/WhatsApp-Image-2024-01-18-at-6.35.36-PM-1024x645.jpeg 1024w, https:\/\/www.radiointeractivo.com.mx\/wp-content\/uploads\/2024\/01\/WhatsApp-Image-2024-01-18-at-6.35.36-PM-300x189.jpeg 300w, https:\/\/www.radiointeractivo.com.mx\/wp-content\/uploads\/2024\/01\/WhatsApp-Image-2024-01-18-at-6.35.36-PM-768x484.jpeg 768w, https:\/\/www.radiointeractivo.com.mx\/wp-content\/uploads\/2024\/01\/WhatsApp-Image-2024-01-18-at-6.35.36-PM.jpeg 1280w\" sizes=\"auto, (max-width: 1024px) 100vw, 1024px\" \/><\/figure>\n\n\n\n<p>-Gobernador de Tamaulipas refrenda compromiso ante el presidente L\u00f3pez Obrador; en marzo funcionar\u00e1 en su totalidad el nuevo organismo p\u00fablico descentralizado<\/p>\n\n\n\n<p>Por: Agencias<\/p>\n\n\n\n<p>Ciudad de M\u00e9xico. &#8211; El gobernador Am\u00e9rico Villarreal Anaya firm\u00f3 con el presidente de M\u00e9xico, Andr\u00e9s Manuel L\u00f3pez Obrador el convenio que da seguimiento al proceso de federalizaci\u00f3n del nuevo organismo p\u00fablico descentralizado IMSS &#8211; Bienestar, que operar\u00e1 en su totalidad a partir del 21 de marzo del presente a\u00f1o, en 23 estados del pa\u00eds.<\/p>\n\n\n\n<p>Durante la reuni\u00f3n celebrada en el Sal\u00f3n Tesorer\u00eda de Palacio Nacional, el gobernador Am\u00e9rico Villarreal, acompa\u00f1ado por el secretario general de Gobierno, H\u00e9ctor Joel Villegas; la secretaria de Finanzas, Adriana Lozano Rodr\u00edguez; el secretario de Salud, Vicente Joel Hern\u00e1ndez y el coordinador del IMSS &#8211; Bienestar en el estado, Eduardo Mart\u00ednez Bermea, refrend\u00f3 el compromiso del Gobierno de Tamaulipas con la transformaci\u00f3n del sistema de salud para hacer realidad y garantizar la atenci\u00f3n m\u00e9dica gratuita y de calidad a 53.2 millones de mexicanos y mexicanas que no tienen acceso a la seguridad social.<\/p>\n\n\n\n<p>Ante la presencia del secretario de Salud, Jorge Alcocer y del director general del IMSS, Zo\u00e9 Robledo, el mandatario tamaulipeco, junto a gobernadoras y gobernadores, firm\u00f3 el convenio que especifica el traspaso de inmuebles, muebles, recursos materiales y humanos y equipamiento de las unidades de salud que ser\u00e1n operadas formalmente a partir del 21 de marzo por el IMSS- Bienestar.<\/p>\n\n\n\n<p>Zo\u00e9 Robledo, director general del IMSS, destac\u00f3 la inversi\u00f3n hist\u00f3rica que supera los 103 mil 714 millones de pesos para beneficiar a 53.2 millones de personas sin seguridad social e inform\u00f3 que para la federalizaci\u00f3n de los servicios de salud en el a\u00f1o 2024 se prev\u00e9 destinar 82 mil 822 millones de pesos.<\/p>\n","protected":false},"excerpt":{"rendered":"<p>-Gobernador de Tamaulipas refrenda compromiso ante el presidente L\u00f3pez Obrador; en marzo funcionar\u00e1 en su totalidad el nuevo organismo p\u00fablico descentralizado Por: Agencias Ciudad de M\u00e9xico. &#8211; El gobernador Am\u00e9rico Villarreal Anaya firm\u00f3 con el presidente de M\u00e9xico, Andr\u00e9s Manuel L\u00f3pez Obrador el convenio que da seguimiento al proceso de federalizaci\u00f3n del nuevo organismo p\u00fablico &hellip;<\/p>\n","protected":false},"author":1,"featured_media":5937,"comment_status":"open","ping_status":"open","sticky":false,"template":"","format":"standard","meta":{"footnotes":""},"categories":[39],"tags":[],"class_list":["post-5936","post","type-post","status-publish","format-standard","has-post-thumbnail","","category-tamaulipas"],"_links":{"self":[{"href":"https:\/\/www.radiointeractivo.com.mx\/index.php?rest_route=\/wp\/v2\/posts\/5936","targetHints":{"allow":["GET"]}}],"collection":[{"href":"https:\/\/www.radiointeractivo.com.mx\/index.php?rest_route=\/wp\/v2\/posts"}],"about":[{"href":"https:\/\/www.radiointeractivo.com.mx\/index.php?rest_route=\/wp\/v2\/types\/post"}],"author":[{"embeddable":true,"href":"https:\/\/www.radiointeractivo.com.mx\/index.php?rest_route=\/wp\/v2\/users\/1"}],"replies":[{"embeddable":true,"href":"https:\/\/www.radiointeractivo.com.mx\/index.php?rest_route=%2Fwp%2Fv2%2Fcomments&post=5936"}],"version-history":[{"count":1,"href":"https:\/\/www.radiointeractivo.com.mx\/index.php?rest_route=\/wp\/v2\/posts\/5936\/revisions"}],"predecessor-version":[{"id":5938,"href":"https:\/\/www.radiointeractivo.com.mx\/index.php?rest_route=\/wp\/v2\/posts\/5936\/revisions\/5938"}],"wp:featuredmedia":[{"embeddable":true,"href":"https:\/\/www.radiointeractivo.com.mx\/index.php?rest_route=\/wp\/v2\/media\/5937"}],"wp:attachment":[{"href":"https:\/\/www.radiointeractivo.com.mx\/index.php?rest_route=%2Fwp%2Fv2%2Fmedia&parent=5936"}],"wp:term":[{"taxonomy":"category","embeddable":true,"href":"https:\/\/www.radiointeractivo.com.mx\/index.php?rest_route=%2Fwp%2Fv2%2Fcategories&post=5936"},{"taxonomy":"post_tag","embeddable":true,"href":"https:\/\/www.radiointeractivo.com.mx\/index.php?rest_route=%2Fwp%2Fv2%2Ftags&post=5936"}],"curies":[{"name":"wp","href":"https:\/\/api.w.org\/{rel}","templated":true}]}}