{"id":5850,"date":"2024-01-17T14:15:34","date_gmt":"2024-01-17T20:15:34","guid":{"rendered":"https:\/\/www.radiointeractivo.com.mx\/?p=5850"},"modified":"2024-01-17T14:15:36","modified_gmt":"2024-01-17T20:15:36","slug":"protegen-del-frio-a-felinos-y-caninos-rescatados-en-refugio-municipal","status":"publish","type":"post","link":"https:\/\/www.radiointeractivo.com.mx\/?p=5850","title":{"rendered":"PROTEGEN DEL FR\u00cdO A FELINOS Y CANINOS RESCATADOS EN REFUGIO MUNICIPAL"},"content":{"rendered":"\n<figure class=\"wp-block-image size-large\"><img loading=\"lazy\" decoding=\"async\" width=\"1024\" height=\"683\" src=\"https:\/\/www.radiointeractivo.com.mx\/wp-content\/uploads\/2024\/01\/WhatsApp-Image-2024-01-17-at-12.45.50-PM-1024x683.jpeg\" alt=\"\" class=\"wp-image-5851\" srcset=\"https:\/\/www.radiointeractivo.com.mx\/wp-content\/uploads\/2024\/01\/WhatsApp-Image-2024-01-17-at-12.45.50-PM-1024x683.jpeg 1024w, https:\/\/www.radiointeractivo.com.mx\/wp-content\/uploads\/2024\/01\/WhatsApp-Image-2024-01-17-at-12.45.50-PM-300x200.jpeg 300w, https:\/\/www.radiointeractivo.com.mx\/wp-content\/uploads\/2024\/01\/WhatsApp-Image-2024-01-17-at-12.45.50-PM-768x512.jpeg 768w, https:\/\/www.radiointeractivo.com.mx\/wp-content\/uploads\/2024\/01\/WhatsApp-Image-2024-01-17-at-12.45.50-PM.jpeg 1280w\" sizes=\"auto, (max-width: 1024px) 100vw, 1024px\" \/><\/figure>\n\n\n\n<p>Por: Staff | #NuevoLaredo #Tamaulipas<\/p>\n\n\n\n<p>Por las bajas temperaturas que se han sentido en la ciudad el personal del Refugio de Protecci\u00f3n Animal se ha encargado de resguardar a los m\u00e1s de 50 caninos y felinos que han sido rescatados para protegerlos del fr\u00edo.<\/p>\n\n\n\n<p>Mar\u00eda Fernanda Carmona Cavazos, jefa de Salud Animal inform\u00f3 que se les colocaron su\u00e9teres, colchas y todos se encuentran dentro de sus casas. Adem\u00e1s a los gatos se les coloc\u00f3 calefacci\u00f3n y camas.<\/p>\n\n\n\n<p>De igual manera dijo que las instalaciones del refugio se encuentra techado y cerrado por lo que no pasan fr\u00edo los animalitos.<\/p>\n","protected":false},"excerpt":{"rendered":"<p>Por: Staff | #NuevoLaredo #Tamaulipas Por las bajas temperaturas que se han sentido en la ciudad el personal del Refugio de Protecci\u00f3n Animal se ha encargado de resguardar a los m\u00e1s de 50 caninos y felinos que han sido rescatados para protegerlos del fr\u00edo. Mar\u00eda Fernanda Carmona Cavazos, jefa de Salud Animal inform\u00f3 que se &hellip;<\/p>\n","protected":false},"author":1,"featured_media":5852,"comment_status":"open","ping_status":"open","sticky":false,"template":"","format":"standard","meta":{"footnotes":""},"categories":[38],"tags":[],"class_list":["post-5850","post","type-post","status-publish","format-standard","has-post-thumbnail","","category-nuevo-laredo"],"_links":{"self":[{"href":"https:\/\/www.radiointeractivo.com.mx\/index.php?rest_route=\/wp\/v2\/posts\/5850","targetHints":{"allow":["GET"]}}],"collection":[{"href":"https:\/\/www.radiointeractivo.com.mx\/index.php?rest_route=\/wp\/v2\/posts"}],"about":[{"href":"https:\/\/www.radiointeractivo.com.mx\/index.php?rest_route=\/wp\/v2\/types\/post"}],"author":[{"embeddable":true,"href":"https:\/\/www.radiointeractivo.com.mx\/index.php?rest_route=\/wp\/v2\/users\/1"}],"replies":[{"embeddable":true,"href":"https:\/\/www.radiointeractivo.com.mx\/index.php?rest_route=%2Fwp%2Fv2%2Fcomments&post=5850"}],"version-history":[{"count":1,"href":"https:\/\/www.radiointeractivo.com.mx\/index.php?rest_route=\/wp\/v2\/posts\/5850\/revisions"}],"predecessor-version":[{"id":5853,"href":"https:\/\/www.radiointeractivo.com.mx\/index.php?rest_route=\/wp\/v2\/posts\/5850\/revisions\/5853"}],"wp:featuredmedia":[{"embeddable":true,"href":"https:\/\/www.radiointeractivo.com.mx\/index.php?rest_route=\/wp\/v2\/media\/5852"}],"wp:attachment":[{"href":"https:\/\/www.radiointeractivo.com.mx\/index.php?rest_route=%2Fwp%2Fv2%2Fmedia&parent=5850"}],"wp:term":[{"taxonomy":"category","embeddable":true,"href":"https:\/\/www.radiointeractivo.com.mx\/index.php?rest_route=%2Fwp%2Fv2%2Fcategories&post=5850"},{"taxonomy":"post_tag","embeddable":true,"href":"https:\/\/www.radiointeractivo.com.mx\/index.php?rest_route=%2Fwp%2Fv2%2Ftags&post=5850"}],"curies":[{"name":"wp","href":"https:\/\/api.w.org\/{rel}","templated":true}]}}