{"id":5820,"date":"2024-01-16T17:49:04","date_gmt":"2024-01-16T23:49:04","guid":{"rendered":"https:\/\/www.radiointeractivo.com.mx\/?p=5820"},"modified":"2024-01-16T17:49:05","modified_gmt":"2024-01-16T23:49:05","slug":"invita-gobierno-municipal-a-primer-maraton-binacional","status":"publish","type":"post","link":"https:\/\/www.radiointeractivo.com.mx\/?p=5820","title":{"rendered":"INVITA GOBIERNO MUNICIPAL A PRIMER MARAT\u00d3N BINACIONAL"},"content":{"rendered":"\n<figure class=\"wp-block-image size-large\"><img loading=\"lazy\" decoding=\"async\" width=\"661\" height=\"1024\" src=\"https:\/\/www.radiointeractivo.com.mx\/wp-content\/uploads\/2024\/01\/WhatsApp-Image-2024-01-16-at-1.44.16-PM-661x1024.jpeg\" alt=\"\" class=\"wp-image-5821\" srcset=\"https:\/\/www.radiointeractivo.com.mx\/wp-content\/uploads\/2024\/01\/WhatsApp-Image-2024-01-16-at-1.44.16-PM-661x1024.jpeg 661w, https:\/\/www.radiointeractivo.com.mx\/wp-content\/uploads\/2024\/01\/WhatsApp-Image-2024-01-16-at-1.44.16-PM-194x300.jpeg 194w, https:\/\/www.radiointeractivo.com.mx\/wp-content\/uploads\/2024\/01\/WhatsApp-Image-2024-01-16-at-1.44.16-PM-768x1189.jpeg 768w, https:\/\/www.radiointeractivo.com.mx\/wp-content\/uploads\/2024\/01\/WhatsApp-Image-2024-01-16-at-1.44.16-PM.jpeg 775w\" sizes=\"auto, (max-width: 661px) 100vw, 661px\" \/><\/figure>\n\n\n\n<p>Por: Staff | #NuevoLaredo #Tamaulipas<\/p>\n\n\n\n<p>El Gobierno Municipal invita a la ciudadan\u00eda a participar en el \u201cMarat\u00f3n Binacional Dos Laredos\u201d, una carrera de 42 kil\u00f3metros que unir\u00e1 a la regi\u00f3n fronteriza en un evento deportivo y de sana competencia.<\/p>\n\n\n\n<p>La inscripci\u00f3n para ser part\u00edcipe de este marat\u00f3n tiene un costo de 500 pesos que incluye un kit conformado por una gorra, playera y medalla; adem\u00e1s de 7 mil d\u00f3lares en premios para los primeros lugares de las categor\u00edas femenina y masculina: 2 mil para el primer lugar, mil para el segundo y 500 para el tercer lugar de cada rama.<\/p>\n\n\n\n<p>Este Marat\u00f3n Binacional Dos Laredos se llevar\u00e1 a cabo el 18 de febrero y tendr\u00e1 como punto de inicio la Plaza Jarvis en Laredo, mientras que la meta ser\u00e1 en el Palacio Federal de Nuevo Laredo.<\/p>\n\n\n\n<p>Las inscripciones estar\u00e1n abiertas hasta el 15 de febrero y podr\u00e1s realizar tu registro en el siguiente enlace: https:\/\/docs.google.com\/forms\/d\/e\/1FAIpQLSeJy233KWjjHDP4MhX7zHoc3S-FhxOOrwXMPSSWgq36Gr6qgQ\/viewform?pli=1<\/p>\n","protected":false},"excerpt":{"rendered":"<p>Por: Staff | #NuevoLaredo #Tamaulipas El Gobierno Municipal invita a la ciudadan\u00eda a participar en el \u201cMarat\u00f3n Binacional Dos Laredos\u201d, una carrera de 42 kil\u00f3metros que unir\u00e1 a la regi\u00f3n fronteriza en un evento deportivo y de sana competencia. La inscripci\u00f3n para ser part\u00edcipe de este marat\u00f3n tiene un costo de 500 pesos que incluye &hellip;<\/p>\n","protected":false},"author":1,"featured_media":5821,"comment_status":"open","ping_status":"open","sticky":false,"template":"","format":"standard","meta":{"footnotes":""},"categories":[38],"tags":[],"class_list":["post-5820","post","type-post","status-publish","format-standard","has-post-thumbnail","","category-nuevo-laredo"],"_links":{"self":[{"href":"https:\/\/www.radiointeractivo.com.mx\/index.php?rest_route=\/wp\/v2\/posts\/5820","targetHints":{"allow":["GET"]}}],"collection":[{"href":"https:\/\/www.radiointeractivo.com.mx\/index.php?rest_route=\/wp\/v2\/posts"}],"about":[{"href":"https:\/\/www.radiointeractivo.com.mx\/index.php?rest_route=\/wp\/v2\/types\/post"}],"author":[{"embeddable":true,"href":"https:\/\/www.radiointeractivo.com.mx\/index.php?rest_route=\/wp\/v2\/users\/1"}],"replies":[{"embeddable":true,"href":"https:\/\/www.radiointeractivo.com.mx\/index.php?rest_route=%2Fwp%2Fv2%2Fcomments&post=5820"}],"version-history":[{"count":1,"href":"https:\/\/www.radiointeractivo.com.mx\/index.php?rest_route=\/wp\/v2\/posts\/5820\/revisions"}],"predecessor-version":[{"id":5822,"href":"https:\/\/www.radiointeractivo.com.mx\/index.php?rest_route=\/wp\/v2\/posts\/5820\/revisions\/5822"}],"wp:featuredmedia":[{"embeddable":true,"href":"https:\/\/www.radiointeractivo.com.mx\/index.php?rest_route=\/wp\/v2\/media\/5821"}],"wp:attachment":[{"href":"https:\/\/www.radiointeractivo.com.mx\/index.php?rest_route=%2Fwp%2Fv2%2Fmedia&parent=5820"}],"wp:term":[{"taxonomy":"category","embeddable":true,"href":"https:\/\/www.radiointeractivo.com.mx\/index.php?rest_route=%2Fwp%2Fv2%2Fcategories&post=5820"},{"taxonomy":"post_tag","embeddable":true,"href":"https:\/\/www.radiointeractivo.com.mx\/index.php?rest_route=%2Fwp%2Fv2%2Ftags&post=5820"}],"curies":[{"name":"wp","href":"https:\/\/api.w.org\/{rel}","templated":true}]}}