{"id":5789,"date":"2024-01-15T13:39:23","date_gmt":"2024-01-15T19:39:23","guid":{"rendered":"https:\/\/www.radiointeractivo.com.mx\/?p=5789"},"modified":"2024-01-15T13:39:24","modified_gmt":"2024-01-15T19:39:24","slug":"preside-nataly-garcia-diaz-audiencia-publica-en-colonia-las-fuentes","status":"publish","type":"post","link":"https:\/\/www.radiointeractivo.com.mx\/?p=5789","title":{"rendered":"PRESIDE NATALY GARCIA DIAZ AUDIENCIA PUBLICA EN COLONIA LAS FUENTES"},"content":{"rendered":"\n<figure class=\"wp-block-image size-large\"><img loading=\"lazy\" decoding=\"async\" width=\"1024\" height=\"682\" src=\"https:\/\/www.radiointeractivo.com.mx\/wp-content\/uploads\/2024\/01\/WhatsApp-Image-2024-01-15-at-1.36.43-PM-1024x682.jpeg\" alt=\"\" class=\"wp-image-5790\" srcset=\"https:\/\/www.radiointeractivo.com.mx\/wp-content\/uploads\/2024\/01\/WhatsApp-Image-2024-01-15-at-1.36.43-PM-1024x682.jpeg 1024w, https:\/\/www.radiointeractivo.com.mx\/wp-content\/uploads\/2024\/01\/WhatsApp-Image-2024-01-15-at-1.36.43-PM-300x200.jpeg 300w, https:\/\/www.radiointeractivo.com.mx\/wp-content\/uploads\/2024\/01\/WhatsApp-Image-2024-01-15-at-1.36.43-PM-768x512.jpeg 768w, https:\/\/www.radiointeractivo.com.mx\/wp-content\/uploads\/2024\/01\/WhatsApp-Image-2024-01-15-at-1.36.43-PM-1536x1023.jpeg 1536w, https:\/\/www.radiointeractivo.com.mx\/wp-content\/uploads\/2024\/01\/WhatsApp-Image-2024-01-15-at-1.36.43-PM-310x205.jpeg 310w, https:\/\/www.radiointeractivo.com.mx\/wp-content\/uploads\/2024\/01\/WhatsApp-Image-2024-01-15-at-1.36.43-PM.jpeg 1600w\" sizes=\"auto, (max-width: 1024px) 100vw, 1024px\" \/><\/figure>\n\n\n\n<p>Por: Staff | #DiazOrdaz #Tamaulipas<\/p>\n\n\n\n<p>Gustavo D\u00edaz Ordaz, Tam.- La Alcaldesa Nataly Garc\u00eda D\u00edaz presidi\u00f3 este viernes una audiencia p\u00fablica en la colonia Las Fuentes, donde le acompa\u00f1aron titulares y auxiliares de las diferentes direcciones del Gobierno Municipal 2021-2024.<\/p>\n\n\n\n<p>La Alcaldesa, reiter\u00f3 el compromiso de acercar el gobierno a todos los sectores de la poblaci\u00f3n, atendiendo inquietudes y peticiones de decenas de vecinos del sector que acudieron a la citada reuni\u00f3n, donde se hizo entrega de cobertores a personas vulnerables, y garrafones con agua purificada, adem\u00e1s de una loter\u00eda de despensas donde participaron todos los asistentes.<\/p>\n\n\n\n<p>En esta misma audiencia, dio a conocer algunos de los avances que se han logrado en beneficio de los D\u00edazordacenses, y futuros proyectos que vendr\u00e1n a aportar mucho para seguir avanzando en la transformaci\u00f3n del municipio m\u00e1s joven de Tamaulipas.<\/p>\n","protected":false},"excerpt":{"rendered":"<p>Por: Staff | #DiazOrdaz #Tamaulipas Gustavo D\u00edaz Ordaz, Tam.- La Alcaldesa Nataly Garc\u00eda D\u00edaz presidi\u00f3 este viernes una audiencia p\u00fablica en la colonia Las Fuentes, donde le acompa\u00f1aron titulares y auxiliares de las diferentes direcciones del Gobierno Municipal 2021-2024. La Alcaldesa, reiter\u00f3 el compromiso de acercar el gobierno a todos los sectores de la poblaci\u00f3n, &hellip;<\/p>\n","protected":false},"author":1,"featured_media":5790,"comment_status":"open","ping_status":"open","sticky":false,"template":"","format":"standard","meta":{"footnotes":""},"categories":[39],"tags":[],"class_list":["post-5789","post","type-post","status-publish","format-standard","has-post-thumbnail","","category-tamaulipas"],"_links":{"self":[{"href":"https:\/\/www.radiointeractivo.com.mx\/index.php?rest_route=\/wp\/v2\/posts\/5789","targetHints":{"allow":["GET"]}}],"collection":[{"href":"https:\/\/www.radiointeractivo.com.mx\/index.php?rest_route=\/wp\/v2\/posts"}],"about":[{"href":"https:\/\/www.radiointeractivo.com.mx\/index.php?rest_route=\/wp\/v2\/types\/post"}],"author":[{"embeddable":true,"href":"https:\/\/www.radiointeractivo.com.mx\/index.php?rest_route=\/wp\/v2\/users\/1"}],"replies":[{"embeddable":true,"href":"https:\/\/www.radiointeractivo.com.mx\/index.php?rest_route=%2Fwp%2Fv2%2Fcomments&post=5789"}],"version-history":[{"count":1,"href":"https:\/\/www.radiointeractivo.com.mx\/index.php?rest_route=\/wp\/v2\/posts\/5789\/revisions"}],"predecessor-version":[{"id":5791,"href":"https:\/\/www.radiointeractivo.com.mx\/index.php?rest_route=\/wp\/v2\/posts\/5789\/revisions\/5791"}],"wp:featuredmedia":[{"embeddable":true,"href":"https:\/\/www.radiointeractivo.com.mx\/index.php?rest_route=\/wp\/v2\/media\/5790"}],"wp:attachment":[{"href":"https:\/\/www.radiointeractivo.com.mx\/index.php?rest_route=%2Fwp%2Fv2%2Fmedia&parent=5789"}],"wp:term":[{"taxonomy":"category","embeddable":true,"href":"https:\/\/www.radiointeractivo.com.mx\/index.php?rest_route=%2Fwp%2Fv2%2Fcategories&post=5789"},{"taxonomy":"post_tag","embeddable":true,"href":"https:\/\/www.radiointeractivo.com.mx\/index.php?rest_route=%2Fwp%2Fv2%2Ftags&post=5789"}],"curies":[{"name":"wp","href":"https:\/\/api.w.org\/{rel}","templated":true}]}}